{"id":14405,"date":"2026-01-10T02:49:06","date_gmt":"2026-01-10T02:49:06","guid":{"rendered":"https:\/\/www.europesays.com\/africa\/14405\/"},"modified":"2026-01-10T02:49:06","modified_gmt":"2026-01-10T02:49:06","slug":"le-deficit-commercial-saggrave-plongee-dans-les-derniers-chiffres-de-leconomie-senegalaise","status":"publish","type":"post","link":"https:\/\/www.europesays.com\/africa\/14405\/","title":{"rendered":"Le d\u00e9ficit commercial s\u2019aggrave, plong\u00e9e dans les derniers chiffres de l&#8217;\u00e9conomie s\u00e9n\u00e9galaise"},"content":{"rendered":"<p>Le solde commercial s\u2019est nettement d\u00e9t\u00e9rior\u00e9 au mois d\u2019octobre 2025. Selon les donn\u00e9es disponibles, le d\u00e9ficit commercial s\u2019est \u00e9tabli \u00e0 \u201381,9 milliards de FCFA, contre \u201356,0 milliards de FCFA le mois pr\u00e9c\u00e9dent, soit une aggravation de 25,9 milliards de FCFA sur un mois. Cette \u00e9volution intervient dans un contexte de forte progression des \u00e9changes ext\u00e9rieurs, marqu\u00e9e par une hausse des importations plus importante que celle des exportations.            <\/p>\n<p class=\"pread\" style=\"background: #fff6d3;font-size:17px !important;padding:0px 0 16px 0;border:none;font-family:'source-sans-pro' !important;color:#444 !important;\">\n<p>La suite est r\u00e9serv\u00e9e \u00e0 nos abonn\u00e9s.<br \/>D\u00e9j\u00e0 abonn\u00e9 ? <a href=\"https:\/\/www.senenews.com\/login?redirect_to=https:\/\/www.senenews.com\/premium\/le-deficit-commercial-saggrave-plongee-dans-les-derniers-chiffres-de-leconomie-senegalaise_572035.html\" style=\"text-decoration: underline !important;font-weight: bold;\" rel=\"nofollow noopener\" target=\"_blank\">Se connecter<\/a><\/p>\n<p>Profitez de 3 mois offerts<br \/>et acc\u00e9dez \u00e0 tous nos contenus<br \/>sans aucune publicit\u00e9<\/p>\n<p style=\"text-align:center;font-size:14px;font-family:'source-sans-pro'\">\n<a href=\"https:\/\/www.senenews.com\/rejoignez-senenews-premium-pour-soutenir-une-redaction-libre-et-independante\" style=\"text-decoration:none!important;border-bottom:1px solid\" rel=\"nofollow noopener\" target=\"_blank\">Pourquoi vous devez soutenir l\u2019initiative Senenews Premium?<\/a><\/p>\n","protected":false},"excerpt":{"rendered":"Le solde commercial s\u2019est nettement d\u00e9t\u00e9rior\u00e9 au mois d\u2019octobre 2025. Selon les donn\u00e9es disponibles, le d\u00e9ficit commercial s\u2019est&hellip;\n","protected":false},"author":2,"featured_media":14406,"comment_status":"","ping_status":"","sticky":false,"template":"","format":"standard","meta":{"footnotes":""},"categories":[48],"tags":[161,9600,162,159,163],"class_list":{"0":"post-14405","1":"post","2":"type-post","3":"status-publish","4":"format-standard","5":"has-post-thumbnail","7":"category-senegal","8":"tag-articles-premium","9":"tag-commercial","10":"tag-economie","11":"tag-senegal","12":"tag-senegal-actualites"},"share_on_mastodon":{"url":"","error":""},"_links":{"self":[{"href":"https:\/\/www.europesays.com\/africa\/wp-json\/wp\/v2\/posts\/14405","targetHints":{"allow":["GET"]}}],"collection":[{"href":"https:\/\/www.europesays.com\/africa\/wp-json\/wp\/v2\/posts"}],"about":[{"href":"https:\/\/www.europesays.com\/africa\/wp-json\/wp\/v2\/types\/post"}],"author":[{"embeddable":true,"href":"https:\/\/www.europesays.com\/africa\/wp-json\/wp\/v2\/users\/2"}],"replies":[{"embeddable":true,"href":"https:\/\/www.europesays.com\/africa\/wp-json\/wp\/v2\/comments?post=14405"}],"version-history":[{"count":0,"href":"https:\/\/www.europesays.com\/africa\/wp-json\/wp\/v2\/posts\/14405\/revisions"}],"wp:featuredmedia":[{"embeddable":true,"href":"https:\/\/www.europesays.com\/africa\/wp-json\/wp\/v2\/media\/14406"}],"wp:attachment":[{"href":"https:\/\/www.europesays.com\/africa\/wp-json\/wp\/v2\/media?parent=14405"}],"wp:term":[{"taxonomy":"category","embeddable":true,"href":"https:\/\/www.europesays.com\/africa\/wp-json\/wp\/v2\/categories?post=14405"},{"taxonomy":"post_tag","embeddable":true,"href":"https:\/\/www.europesays.com\/africa\/wp-json\/wp\/v2\/tags?post=14405"}],"curies":[{"name":"wp","href":"https:\/\/api.w.org\/{rel}","templated":true}]}}