{"id":14407,"date":"2026-01-10T02:50:14","date_gmt":"2026-01-10T02:50:14","guid":{"rendered":"https:\/\/www.europesays.com\/africa\/14407\/"},"modified":"2026-01-10T02:50:14","modified_gmt":"2026-01-10T02:50:14","slug":"550-000-tonnes-attendues-sur-les-marches-internationaux","status":"publish","type":"post","link":"https:\/\/www.europesays.com\/africa\/14407\/","title":{"rendered":"550 000 tonnes attendues sur les march\u00e9s internationaux"},"content":{"rendered":"<p>\t\t\tLa fili\u00e8re agrumicole marocaine s\u2019appr\u00eate \u00e0 enregistrer une progression notable au cours de la campagne 2025-2026, port\u00e9e par des conditions climatiques jug\u00e9es favorables et par la poursuite de politiques publiques de soutien. Selon un r\u00e9cent rapport du D\u00e9partement de l\u2019Agriculture des \u00c9tats-Unis (USDA), la production et les exportations devraient conna\u00eetre une am\u00e9lioration sensible, consolidant la position du Maroc sur le march\u00e9 international des agrumes.<\/p>\n<p style=\"text-align: justify;\">Les projections font \u00e9tat d\u2019une hausse significative de la production de mandarines et de cl\u00e9mentines, principales composantes des exportations nationales. Les volumes sont attendus \u00e0 1,15 million de tonnes, soit une progression de 4 % par rapport \u00e0 la saison pr\u00e9c\u00e9dente. La production d\u2019oranges devrait \u00e9galement \u00e9voluer \u00e0 la hausse, avec une augmentation de 1 % pour atteindre 970 000 tonnes. Les citrons et limes suivraient la m\u00eame tendance, avec une estimation de 48 000 tonnes, en croissance de 6 %.<\/p>\n<p style=\"text-align: justify;\">Cette dynamique positive se refl\u00e8te \u00e9galement sur le march\u00e9 int\u00e9rieur. Le rapport de l\u2019USDA anticipe une consommation nationale de mandarines et de cl\u00e9mentines avoisinant 600 000 tonnes pour la campagne 2025-2026, en hausse de 7 % sur un an. Par ailleurs, la production de jus d\u2019orange devrait progresser pour atteindre 6 500 tonnes, soutenue par l\u2019extension des capacit\u00e9s de transformation, ce qui pourrait contribuer \u00e0 r\u00e9duire le recours aux importations de concentr\u00e9s.<\/p>\n<p style=\"text-align: justify;\">Malgr\u00e9 un d\u00e9marrage l\u00e9g\u00e8rement retard\u00e9 de la saison d\u2019exportation, li\u00e9 \u00e0 une maturation plus tardive des fruits, les perspectives demeurent favorables. Les mandarines devraient conserver leur statut de principal produit d\u2019exportation, avec des volumes estim\u00e9s \u00e0 550 000 tonnes pour la campagne 2025-2026, soit une augmentation de 2 %. Cette performance est attribu\u00e9e \u00e0 une meilleure disponibilit\u00e9 des fruits et \u00e0 des calibres r\u00e9pondant aux exigences des march\u00e9s internationaux.<\/p>\n<p style=\"text-align: justify;\">Lire aussi :\u00a0<a style=\"color: #008000;\" href=\"https:\/\/maroc-diplomatique.net\/avec-8581-mmdh-dexportations-les-secteur-agricole-et-agroalimentaire-confirment\/\" rel=\"nofollow noopener\" target=\"_blank\">Avec 85,81 MMDH d\u2019exportations, les secteurs agricole et agroalimentaire confirment leur mont\u00e9e en puissance<\/a><\/p>\n<p style=\"text-align: justify;\">Exportations d\u2019agrumes : l\u2019Europe et la Russie en t\u00eate, diversification vers l\u2019Afrique de l\u2019Ouest<\/p>\n<p style=\"text-align: justify;\">Les principaux d\u00e9bouch\u00e9s des agrumes marocains demeurent l\u2019Union europ\u00e9enne et la Russie. Toutefois, une diversification progressive des march\u00e9s est observ\u00e9e, avec une croissance notable des exportations vers plusieurs pays d\u2019Afrique de l\u2019Ouest, notamment le S\u00e9n\u00e9gal, la Mauritanie et la C\u00f4te d\u2019Ivoire.<\/p>\n<p style=\"text-align: justify;\">Le secteur reste n\u00e9anmoins confront\u00e9 \u00e0 certains d\u00e9fis. Les producteurs du sud du Maroc font face \u00e0 une concurrence accrue des vari\u00e9t\u00e9s chiliennes de fin de saison, pr\u00e9sentes sur le march\u00e9 international durant la p\u00e9riode strat\u00e9gique d\u2019exportation pr\u00e9coce, entre novembre et d\u00e9cembre 2025.<\/p>\n<p style=\"text-align: justify;\">Dans ce contexte, les autorit\u00e9s marocaines ont d\u00e9ploy\u00e9 un ensemble de mesures incitatives destin\u00e9es \u00e0 soutenir les exportations et \u00e0 renforcer la comp\u00e9titivit\u00e9 de la fili\u00e8re, en particulier au b\u00e9n\u00e9fice des petits et moyens producteurs. Des primes \u00e0 l\u2019exportation sont accord\u00e9es en fonction des march\u00e9s de destination, tandis que des aides sp\u00e9cifiques sont mobilis\u00e9es \u00e0 travers des projets d\u2019agr\u00e9gation agricole. Les producteurs biologiques b\u00e9n\u00e9ficient, pour leur part, de subventions renforc\u00e9es.<\/p>\n<p style=\"text-align: justify;\">Par ailleurs, des actions phytosanitaires, telles que la technique de pi\u00e9geage de masse contre la mouche m\u00e9diterran\u00e9enne, sont subventionn\u00e9es \u00e0 hauteur de 1 000 dirhams par hectare. L\u2019\u00c9tat prend \u00e9galement en charge 30 % du co\u00fbt de construction de nouvelles stations de conditionnement et octroie des subventions \u00e0 l\u2019exportation pour les agrumes destin\u00e9s \u00e0 des march\u00e9s cibl\u00e9s, notamment l\u2019Ukraine, la Chine, les pays du Golfe, la Russie, l\u2019Union europ\u00e9enne et le Royaume-Uni. L\u2019ensemble de ces dispositifs vise \u00e0 consolider durablement la position du Maroc en tant qu\u2019acteur majeur de l\u2019industrie agrumicole \u00e0 l\u2019\u00e9chelle mondiale.<\/p>\n","protected":false},"excerpt":{"rendered":"La fili\u00e8re agrumicole marocaine s\u2019appr\u00eate \u00e0 enregistrer une progression notable au cours de la campagne 2025-2026, port\u00e9e par&hellip;\n","protected":false},"author":2,"featured_media":14408,"comment_status":"","ping_status":"","sticky":false,"template":"","format":"standard","meta":{"footnotes":""},"categories":[41],"tags":[9601,9602,4051,5163,158,9603],"class_list":{"0":"post-14407","1":"post","2":"type-post","3":"status-publish","4":"format-standard","5":"has-post-thumbnail","7":"category-maroc","8":"tag-exportations","9":"tag-mandarines","10":"tag-marche","11":"tag-marches","12":"tag-maroc","13":"tag-usda"},"share_on_mastodon":{"url":"","error":""},"_links":{"self":[{"href":"https:\/\/www.europesays.com\/africa\/wp-json\/wp\/v2\/posts\/14407","targetHints":{"allow":["GET"]}}],"collection":[{"href":"https:\/\/www.europesays.com\/africa\/wp-json\/wp\/v2\/posts"}],"about":[{"href":"https:\/\/www.europesays.com\/africa\/wp-json\/wp\/v2\/types\/post"}],"author":[{"embeddable":true,"href":"https:\/\/www.europesays.com\/africa\/wp-json\/wp\/v2\/users\/2"}],"replies":[{"embeddable":true,"href":"https:\/\/www.europesays.com\/africa\/wp-json\/wp\/v2\/comments?post=14407"}],"version-history":[{"count":0,"href":"https:\/\/www.europesays.com\/africa\/wp-json\/wp\/v2\/posts\/14407\/revisions"}],"wp:featuredmedia":[{"embeddable":true,"href":"https:\/\/www.europesays.com\/africa\/wp-json\/wp\/v2\/media\/14408"}],"wp:attachment":[{"href":"https:\/\/www.europesays.com\/africa\/wp-json\/wp\/v2\/media?parent=14407"}],"wp:term":[{"taxonomy":"category","embeddable":true,"href":"https:\/\/www.europesays.com\/africa\/wp-json\/wp\/v2\/categories?post=14407"},{"taxonomy":"post_tag","embeddable":true,"href":"https:\/\/www.europesays.com\/africa\/wp-json\/wp\/v2\/tags?post=14407"}],"curies":[{"name":"wp","href":"https:\/\/api.w.org\/{rel}","templated":true}]}}