{"id":14417,"date":"2026-01-10T03:03:22","date_gmt":"2026-01-10T03:03:22","guid":{"rendered":"https:\/\/www.europesays.com\/africa\/14417\/"},"modified":"2026-01-10T03:03:22","modified_gmt":"2026-01-10T03:03:22","slug":"senegal-les-tops-et-les-flops","status":"publish","type":"post","link":"https:\/\/www.europesays.com\/africa\/14417\/","title":{"rendered":"S\u00e9n\u00e9gal : les Tops et les Flops\u00a0"},"content":{"rendered":"<p>Ce vendredi, le Mali \u00e9tait face au S\u00e9n\u00e9gal dans le cadre des quarts de finale de la CAN 2025. Un match all\u00e9chant qui a tenu toutes ses promesses. D\u00e9couvrez les Tops et les Flops. <\/p>\n<p>Les Tops <\/p>\n<p>Djigui Diarra (Mali)<\/p>\n<p>Malgr\u00e9 la d\u00e9faite, le portier malien a livr\u00e9 une prestation de tr\u00e8s haut niveau. Auteur de sept arr\u00eats, dont trois r\u00e9alis\u00e9s dans sa surface de r\u00e9paration, il a longtemps retard\u00e9 l\u2019\u00e9ch\u00e9ance. Sans ses interventions d\u00e9cisives, le Mali aurait pu sombrer plus lourdement face \u00e0 la pression s\u00e9n\u00e9galaise.<\/p>\n<p>Iliman Ndiaye (S\u00e9n\u00e9gal)<\/p>\n<p>L\u2019homme fort du S\u00e9n\u00e9gal dans cette rencontre. Tr\u00e8s remuant dans son couloir droit de l\u2019attaque, le joueur d\u2019Everton a constamment provoqu\u00e9 la d\u00e9fense malienne. Il profite d\u2019une erreur du gardien Djigui Diarra pour inscrire l\u2019unique but du match. Tr\u00e8s pr\u00e9sent dans le jeu et juste dans ses choix, il a tout donn\u00e9 avant de c\u00e9der sa place \u00e0 la 75e minute apr\u00e8s un match plein.<\/p>\n<p>Kr\u00e9pin Diatta (S\u00e9n\u00e9gal)<\/p>\n<p>Le piston droit s\u00e9n\u00e9galais a livr\u00e9 une prestation propre et appliqu\u00e9e. Le joueur de l\u2019AS Monaco est \u00e0 l\u2019origine du centre qui am\u00e8ne le seul but de la partie. Tr\u00e8s actif offensivement avec neuf centres tent\u00e9s, il s\u2019est aussi montr\u00e9 solide dans les duels au sol, remportant la majorit\u00e9 de ses confrontations.<\/p>\n<p>\u00a0<\/p>\n<p>Les Flops <\/p>\n<p>Yves Bissouma (Mali)<\/p>\n<p>Match \u00e0 oublier pour le milieu de terrain de Tottenham. Averti d\u00e8s la 23e minute, il \u00e9cope d\u2019un second carton jaune juste avant la pause pour une faute grossi\u00e8re sur Idrissa Gana Gueye. Son expulsion \u00e0 la 45e minute laisse le Mali \u00e0 dix pendant toute une mi-temps et complique fortement la t\u00e2che de son \u00e9quipe.<\/p>\n<p>Aliou Dieng (Mali)<\/p>\n<p>Habituel m\u00e9tronome du milieu malien, il n\u2019a pas r\u00e9ussi \u00e0 imposer son tempo. S\u2019il est rest\u00e9 assez juste dans ses passes, il a trop peu touch\u00e9 le ballon pour organiser le jeu. Battu dans plusieurs duels, aussi bien au sol qu\u2019a\u00e9riens, il n\u2019a pas pes\u00e9 comme attendu dans l\u2019entrejeu.<\/p>\n<p>Lassine Sinayoko (Mali)<\/p>\n<p>L\u2019attaquant d\u2019Auxerre est pass\u00e9 \u00e0 c\u00f4t\u00e9 de son match. Peu inspir\u00e9 face \u00e0 la d\u00e9fense s\u00e9n\u00e9galaise, il n\u2019a jamais r\u00e9ussi \u00e0 se montrer dangereux. Deux frappes tent\u00e9es sans trouver le cadre et de nombreux duels a\u00e9riens perdus. Un rendement offensif insuffisant dans un match aussi ferm\u00e9.\u00a0<\/p>\n<p>   Partagez cette info avec vos amis et vos proches en cliquant ici<br \/> Pour r\u00e9sumer<\/p>\n<p>C&#8217;est d\u00e9j\u00e0 les quarts de finale de la Coupe d&#8217;Afrique des Nations 2025. Pour cette premi\u00e8re affiche, le Mali a affront\u00e9 le S\u00e9n\u00e9gal. Un match qui a \u00e9t\u00e9 riche en couleur et en intensit\u00e9. Voici les Tops et les Flops de la rencontre.\u00a0<\/p>\n<p>R\u00e9dacteur<\/p>\n<p><img decoding=\"async\" width=\"76\" height=\"76\" loading=\"lazy\" src=\"https:\/\/www.europesays.com\/africa\/wp-content\/uploads\/2026\/01\/avatar-onze.webp.webp\" alt=\"Faudel Amoussou\"\/><\/p>\n","protected":false},"excerpt":{"rendered":"Ce vendredi, le Mali \u00e9tait face au S\u00e9n\u00e9gal dans le cadre des quarts de finale de la CAN&hellip;\n","protected":false},"author":2,"featured_media":14418,"comment_status":"","ping_status":"","sticky":false,"template":"","format":"standard","meta":{"footnotes":""},"categories":[48],"tags":[360,159],"class_list":{"0":"post-14417","1":"post","2":"type-post","3":"status-publish","4":"format-standard","5":"has-post-thumbnail","7":"category-senegal","8":"tag-can","9":"tag-senegal"},"share_on_mastodon":{"url":"","error":""},"_links":{"self":[{"href":"https:\/\/www.europesays.com\/africa\/wp-json\/wp\/v2\/posts\/14417","targetHints":{"allow":["GET"]}}],"collection":[{"href":"https:\/\/www.europesays.com\/africa\/wp-json\/wp\/v2\/posts"}],"about":[{"href":"https:\/\/www.europesays.com\/africa\/wp-json\/wp\/v2\/types\/post"}],"author":[{"embeddable":true,"href":"https:\/\/www.europesays.com\/africa\/wp-json\/wp\/v2\/users\/2"}],"replies":[{"embeddable":true,"href":"https:\/\/www.europesays.com\/africa\/wp-json\/wp\/v2\/comments?post=14417"}],"version-history":[{"count":0,"href":"https:\/\/www.europesays.com\/africa\/wp-json\/wp\/v2\/posts\/14417\/revisions"}],"wp:featuredmedia":[{"embeddable":true,"href":"https:\/\/www.europesays.com\/africa\/wp-json\/wp\/v2\/media\/14418"}],"wp:attachment":[{"href":"https:\/\/www.europesays.com\/africa\/wp-json\/wp\/v2\/media?parent=14417"}],"wp:term":[{"taxonomy":"category","embeddable":true,"href":"https:\/\/www.europesays.com\/africa\/wp-json\/wp\/v2\/categories?post=14417"},{"taxonomy":"post_tag","embeddable":true,"href":"https:\/\/www.europesays.com\/africa\/wp-json\/wp\/v2\/tags?post=14417"}],"curies":[{"name":"wp","href":"https:\/\/api.w.org\/{rel}","templated":true}]}}