{"id":14419,"date":"2026-01-10T03:04:15","date_gmt":"2026-01-10T03:04:15","guid":{"rendered":"https:\/\/www.europesays.com\/africa\/14419\/"},"modified":"2026-01-10T03:04:15","modified_gmt":"2026-01-10T03:04:15","slug":"tres-flagrant-mbeumo-enrage-sur-le-penalty-non-siffle","status":"publish","type":"post","link":"https:\/\/www.europesays.com\/africa\/14419\/","title":{"rendered":"\u00ab\u00a0Tr\u00e8s flagrant\u00a0\u00bb, Mbeumo enrage sur le penalty non siffl\u00e9"},"content":{"rendered":"<p>Le quart de finale de la <a href=\"https:\/\/www.onzemondial.com\/selections\/can.html\" rel=\"nofollow noopener\" target=\"_blank\">CAN 2025<\/a> entre le Cameroun et le Maroc a tourn\u00e9 au cauchemar pour les Lions Indomptables, domin\u00e9s 2-0 par des Marocains efficaces et organis\u00e9s. Mais au-del\u00e0 du score, la frustration camerounaise a \u00e9t\u00e9 cristallis\u00e9e par une action : \u00e0 la 69e minute, Bryan Mbeumo, en pleine perc\u00e9e dans la surface, est fauch\u00e9 par Masina. Le ralenti montre un contact clair, mais l\u2019arbitre et la VAR laissent jouer. Le penalty non accord\u00e9 a provoqu\u00e9 l\u2019indignation du joueur de Manchester United, qui n\u2019a pas m\u00e2ch\u00e9 ses mots sur BeIN Sports.<\/p>\n<p>\u00ab Pendant le match j\u2019ai senti qu\u2019il m\u2019avait touch\u00e9. Et bien s\u00fbr apr\u00e8s le match on m\u2019a remontr\u00e9 l&#8217;action et c\u2019est tr\u00e8s tr\u00e8s flagrant \u00bb, d\u00e9plore-t-il. \u00ab Je ne sais pas quoi dire de plus apr\u00e8s ce match, je ne crois pas qu\u2019il se joue seulement pour \u00e7a en premi\u00e8re mi-temps, on a un peu refus\u00e9 le jeu et je pense que c\u2019est l\u2019un des seuls regrets qu\u2019on peut avoir ce soir parce que la deuxi\u00e8me mi-temps \u00e9tait plus ma\u00eetris\u00e9e. Apr\u00e8s c\u2019est un fait de jeu et on savait aussi \u00e0 quoi s\u2019attendre. \u00bb<\/p>\n<p>A lire aussi :Mbeumo dig\u00e8re mal l&#8217;\u00e9limination<\/p>\n<p>Malgr\u00e9 cette frustration, Mbeumo souligne le potentiel de son \u00e9quipe : \u00ab Comme la seconde p\u00e9riode l\u2019a montr\u00e9, on a une tr\u00e8s belle \u00e9quipe avec beaucoup beaucoup de qualit\u00e9s, on est tr\u00e8s d\u00e9\u00e7u. Moi je d\u00e9teste perdre et forc\u00e9ment perdre en quart de finale c\u2019est une vraie d\u00e9ception. \u00bb Le Cameroun, invaincu jusque-l\u00e0 et port\u00e9 par l\u2019espoir suscit\u00e9 par David Pagou, n\u2019a jamais r\u00e9ussi \u00e0 concr\u00e9tiser son emprise en seconde p\u00e9riode. La double sanction, le Maroc doublant la mise juste apr\u00e8s l\u2019action litigieuse, a fini par sceller le sort des Lions Indomptables.<\/p>\n<p>Au final, l\u2019amertume reste grande c\u00f4t\u00e9 camerounais. Le penalty non siffl\u00e9 est per\u00e7u par Mbeumo comme un tournant clair : \u00ab Tr\u00e8s tr\u00e8s flagrant \u00bb, r\u00e9p\u00e8te-t-il, r\u00e9sumant \u00e0 lui seul la col\u00e8re et la frustration d\u2019une \u00e9quipe qui quitte la CAN 2025 avec des regrets mais une conviction intacte sur ses qualit\u00e9s.<\/p>\n<p>   Partagez cette info avec vos amis et vos proches en cliquant ici<br \/> Pour r\u00e9sumer<\/p>\n<p>Bryan Mbeumo fulmine apr\u00e8s le quart de finale CAN 2025 perdu 2-0 contre le Maroc, pointant un penalty \u00ab\u202ftr\u00e8s tr\u00e8s flagrant\u202f\u00bb non siffl\u00e9 sur lui par Masina. \u00ab\u202fOn est tr\u00e8s d\u00e9\u00e7u, je d\u00e9teste perdre\u202f\u00bb, confie-t-il, soulignant la qualit\u00e9 du Cameroun malgr\u00e9 la frustration et les regrets de cette \u00e9limination.<\/p>\n<p>R\u00e9dacteur<\/p>\n<p><img decoding=\"async\" width=\"76\" height=\"76\" loading=\"lazy\" src=\"https:\/\/www.europesays.com\/africa\/wp-content\/uploads\/2026\/01\/logo-julien-pedebos.jpg\" alt=\"Julien P\u00e9debos\"\/><\/p>\n","protected":false},"excerpt":{"rendered":"Le quart de finale de la CAN 2025 entre le Cameroun et le Maroc a tourn\u00e9 au cauchemar&hellip;\n","protected":false},"author":2,"featured_media":14420,"comment_status":"","ping_status":"","sticky":false,"template":"","format":"standard","meta":{"footnotes":""},"categories":[41],"tags":[360,158],"class_list":{"0":"post-14419","1":"post","2":"type-post","3":"status-publish","4":"format-standard","5":"has-post-thumbnail","7":"category-maroc","8":"tag-can","9":"tag-maroc"},"share_on_mastodon":{"url":"","error":""},"_links":{"self":[{"href":"https:\/\/www.europesays.com\/africa\/wp-json\/wp\/v2\/posts\/14419","targetHints":{"allow":["GET"]}}],"collection":[{"href":"https:\/\/www.europesays.com\/africa\/wp-json\/wp\/v2\/posts"}],"about":[{"href":"https:\/\/www.europesays.com\/africa\/wp-json\/wp\/v2\/types\/post"}],"author":[{"embeddable":true,"href":"https:\/\/www.europesays.com\/africa\/wp-json\/wp\/v2\/users\/2"}],"replies":[{"embeddable":true,"href":"https:\/\/www.europesays.com\/africa\/wp-json\/wp\/v2\/comments?post=14419"}],"version-history":[{"count":0,"href":"https:\/\/www.europesays.com\/africa\/wp-json\/wp\/v2\/posts\/14419\/revisions"}],"wp:featuredmedia":[{"embeddable":true,"href":"https:\/\/www.europesays.com\/africa\/wp-json\/wp\/v2\/media\/14420"}],"wp:attachment":[{"href":"https:\/\/www.europesays.com\/africa\/wp-json\/wp\/v2\/media?parent=14419"}],"wp:term":[{"taxonomy":"category","embeddable":true,"href":"https:\/\/www.europesays.com\/africa\/wp-json\/wp\/v2\/categories?post=14419"},{"taxonomy":"post_tag","embeddable":true,"href":"https:\/\/www.europesays.com\/africa\/wp-json\/wp\/v2\/tags?post=14419"}],"curies":[{"name":"wp","href":"https:\/\/api.w.org\/{rel}","templated":true}]}}