{"id":14474,"date":"2026-01-10T03:59:20","date_gmt":"2026-01-10T03:59:20","guid":{"rendered":"https:\/\/www.europesays.com\/africa\/14474\/"},"modified":"2026-01-10T03:59:20","modified_gmt":"2026-01-10T03:59:20","slug":"le-senegal-elimine-le-mali-et-retrouve-le-dernier-carre-0-1","status":"publish","type":"post","link":"https:\/\/www.europesays.com\/africa\/14474\/","title":{"rendered":"Le S\u00e9n\u00e9gal \u00e9limine le Mali et retrouve le dernier carr\u00e9 (0-1)"},"content":{"rendered":"<p>Nouveau derby ouest-africain dans cette CAN avec deux nations frontali\u00e8res. Le S\u00e9n\u00e9gal, champion d\u2019Afrique 2021, et\u00a0le Mali, l\u2019\u00e9ternel outsider toujours en qu\u00eate de sa premi\u00e8re \u00e9toile. Attendu pour \u00eatre \u00e9lectrique, ce premier quart de finale n\u2019a pas d\u00e9rog\u00e9 \u00e0 la r\u00e8gle. Si les Aigles d\u00e9marraient fort la rencontre, ce sont les Lions de la T\u00e9ranga qui se montraient plus incisifs. La premi\u00e8re m\u00e8che \u00e9tait allum\u00e9e par Pape Gueye dont la frappe \u00e9tait d\u00e9vi\u00e9e en corner (10e). Le S\u00e9n\u00e9gal mettait alors le pied sur le ballon et se montrait dangereux sur les buts maliens. De son c\u00f4t\u00e9, le Mali s\u2019offrait quelques incursions dans la surface oppos\u00e9e, mais se heurtait \u00e0 chaque fois \u00e0 la d\u00e9fense s\u00e9n\u00e9galaise.\u00a0<\/p>\n<p>Le match se d\u00e9bloquait finalement sur une bourde de Djigui Diarra qui permettait \u00e0 Illiman Ndiaye de surgir dans la surface pour ouvrir le score (0-1, 28e). Les Aigles ne modifiaient toutefois pas leur plan de jeu, mais se saborder en fin de premi\u00e8re mi-temps. Juste apr\u00e8s un arr\u00eat d\u00e9terminant de Diarra devant El Hadj Malick Diouf (45e+1), Yves Bissouma \u00e9copait d\u2019un second carton rouge, synonyme d\u2019exclusion (45e+3). Le Mali est donc r\u00e9duit \u00e0 dix et men\u00e9 \u00e0 la pause.\u00a0<\/p>\n","protected":false},"excerpt":{"rendered":"Nouveau derby ouest-africain dans cette CAN avec deux nations frontali\u00e8res. Le S\u00e9n\u00e9gal, champion d\u2019Afrique 2021, et\u00a0le Mali, l\u2019\u00e9ternel&hellip;\n","protected":false},"author":2,"featured_media":14475,"comment_status":"","ping_status":"","sticky":false,"template":"","format":"standard","meta":{"footnotes":""},"categories":[48],"tags":[146,965,7784,159],"class_list":{"0":"post-14474","1":"post","2":"type-post","3":"status-publish","4":"format-standard","5":"has-post-thumbnail","7":"category-senegal","8":"tag-africa-cup-of-nations","9":"tag-mali","10":"tag-mali-vs-senegal","11":"tag-senegal"},"share_on_mastodon":{"url":"","error":""},"_links":{"self":[{"href":"https:\/\/www.europesays.com\/africa\/wp-json\/wp\/v2\/posts\/14474","targetHints":{"allow":["GET"]}}],"collection":[{"href":"https:\/\/www.europesays.com\/africa\/wp-json\/wp\/v2\/posts"}],"about":[{"href":"https:\/\/www.europesays.com\/africa\/wp-json\/wp\/v2\/types\/post"}],"author":[{"embeddable":true,"href":"https:\/\/www.europesays.com\/africa\/wp-json\/wp\/v2\/users\/2"}],"replies":[{"embeddable":true,"href":"https:\/\/www.europesays.com\/africa\/wp-json\/wp\/v2\/comments?post=14474"}],"version-history":[{"count":0,"href":"https:\/\/www.europesays.com\/africa\/wp-json\/wp\/v2\/posts\/14474\/revisions"}],"wp:featuredmedia":[{"embeddable":true,"href":"https:\/\/www.europesays.com\/africa\/wp-json\/wp\/v2\/media\/14475"}],"wp:attachment":[{"href":"https:\/\/www.europesays.com\/africa\/wp-json\/wp\/v2\/media?parent=14474"}],"wp:term":[{"taxonomy":"category","embeddable":true,"href":"https:\/\/www.europesays.com\/africa\/wp-json\/wp\/v2\/categories?post=14474"},{"taxonomy":"post_tag","embeddable":true,"href":"https:\/\/www.europesays.com\/africa\/wp-json\/wp\/v2\/tags?post=14474"}],"curies":[{"name":"wp","href":"https:\/\/api.w.org\/{rel}","templated":true}]}}