{"id":14520,"date":"2026-01-10T04:41:12","date_gmt":"2026-01-10T04:41:12","guid":{"rendered":"https:\/\/www.europesays.com\/africa\/14520\/"},"modified":"2026-01-10T04:41:12","modified_gmt":"2026-01-10T04:41:12","slug":"entre-bradage-des-recoltes-et-bons-impayes-les-paysans-attendent-impatiemment-la-materialisation-des-decisions-annoncees-par-le-pm","status":"publish","type":"post","link":"https:\/\/www.europesays.com\/africa\/14520\/","title":{"rendered":"Entre bradage des r\u00e9coltes et bons impay\u00e9s, les paysans attendent impatiemment la mat\u00e9rialisation des d\u00e9cisions annonc\u00e9es par le PM"},"content":{"rendered":"<p>Au lendemain de la visite du premier ministre Ousmane Sonko dans le bassin arachidier pour constater l&#8217;\u00e9tat d&#8217;avancement de la campagne arachidi\u00e8re, les paysans attendent impatiemment la mat\u00e9rialisation de l&#8217;ensemble des d\u00e9cisions annonc\u00e9es par le chef du gouvernement notamment l&#8217;instruction qui a \u00e9t\u00e9 donn\u00e9e \u00e0 la Sonacos d&#8217;augmenter significativement sa capacit\u00e9 d&#8217;achat de graines passant de 250.000 tonnes \u00e0 450.000 tonnes.<\/p>\n<p>\u00a0<\/p>\n<p>Joint au t\u00e9l\u00e9phone, le pr\u00e9sident des agriculteurs du bassin arachidier, a indiqu\u00e9 que pour l&#8217;instant les paysans attendent la mise en \u0153uvre de cette mesure. Et que depuis hier une huilerie priv\u00e9e qui est bas\u00e9e \u00e0 Kaolack, a commenc\u00e9 \u00e0 recevoir ses premiers camions. &#8221; Nous attendons que les autres huileries suivent le rythme&#8221;, a d\u00e9clar\u00e9 Cheikh Tidiane Ciss\u00e9.\u00a0<\/p>\n<p>\u00a0<\/p>\n<p>Interrog\u00e9 sur la disponibilit\u00e9 des graines entre les mains des producteurs, M. Ciss\u00e9 a fait savoir que certains paysans ont vendu une partie de leurs r\u00e9coltes, mais d&#8217;autres gardent toujours leurs productions. \u00c0 le croire, le probl\u00e8me est que certains op\u00e9rateurs avaient d\u00e9j\u00e0 achet\u00e9 et stock\u00e9 leurs graines dans des magasins. &#8221; C&#8217;est ce qu&#8217;on appelle du &#8221; Mbapatt&#8221;, a-t-il lanc\u00e9. Revenant sur la d\u00e9cision du PM, Cheikh Tidiane Ciss\u00e9 a d\u00e9clar\u00e9 que sans cette d\u00e9cision, la situation allait perdurer laissant ainsi les paysans dans un climat d\u00e9l\u00e9t\u00e8re. &#8221; Mais l&#8217;argent n&#8217;est pas encore disponible&#8221;, a-t-il conclu.<\/p>\n<p>\u00a0<\/p>\n<p>Pour sa part, le pr\u00e9sident de &#8221; Aar Sunu Momel&#8221;, Bassirou Ba dit &#8221; Toucouleurou Baye&#8221;, a pr\u00e9cis\u00e9 que 80% des paysans qui se sont rendus au niveau des points de collecte, d\u00e9tiennent aujourd&#8217;hui des bons impact\u00e9s. Selon lui, d&#8217;autres gardent toujours leurs r\u00e9coltes et seraient \u00e0 la recherche de potentiels acheteurs respectant le prix plancher. Et que m\u00eame \u00e0 Touba o\u00f9 l&#8217;on d\u00e9passait le prix plancher en terme de sp\u00e9culation, l&#8217;arachide est aujourd\u2019hui vendue l\u00e0 bas \u00e0 250 Fcfa\/ le kg. Parlant du comportement des op\u00e9rateurs, Bassirou B\u00e2 d&#8217;ajouter que certains( accr\u00e9dit\u00e9s) ont d&#8217;ailleurs attendu tardivement pour pouvoir installer leurs logistiques dans leurs points de collecte. &#8221; Ils \u00e9taient plut\u00f4t sur le march\u00e9 noir&#8221;, a-t-il regrett\u00e9.<\/p>\n","protected":false},"excerpt":{"rendered":"Au lendemain de la visite du premier ministre Ousmane Sonko dans le bassin arachidier pour constater l&#8217;\u00e9tat d&#8217;avancement&hellip;\n","protected":false},"author":2,"featured_media":14521,"comment_status":"","ping_status":"","sticky":false,"template":"","format":"standard","meta":{"footnotes":""},"categories":[48],"tags":[64,274,279,273,277,278,271,281,283,272,280,276,275,159,282],"class_list":{"0":"post-14520","1":"post","2":"type-post","3":"status-publish","4":"format-standard","5":"has-post-thumbnail","7":"category-senegal","8":"tag-afrique","9":"tag-aliou-cisse","10":"tag-amadou-ba","11":"tag-apr","12":"tag-bassirou-diomaye-faye","13":"tag-bathelemy-dias","14":"tag-dakar","15":"tag-el-malick-ndiaye","16":"tag-guy-marius-sagna","17":"tag-macky-sall","18":"tag-madiambal-diagne","19":"tag-ousmane-sonko","20":"tag-pastef","21":"tag-senegal","22":"tag-ziguinchor"},"share_on_mastodon":{"url":"","error":""},"_links":{"self":[{"href":"https:\/\/www.europesays.com\/africa\/wp-json\/wp\/v2\/posts\/14520","targetHints":{"allow":["GET"]}}],"collection":[{"href":"https:\/\/www.europesays.com\/africa\/wp-json\/wp\/v2\/posts"}],"about":[{"href":"https:\/\/www.europesays.com\/africa\/wp-json\/wp\/v2\/types\/post"}],"author":[{"embeddable":true,"href":"https:\/\/www.europesays.com\/africa\/wp-json\/wp\/v2\/users\/2"}],"replies":[{"embeddable":true,"href":"https:\/\/www.europesays.com\/africa\/wp-json\/wp\/v2\/comments?post=14520"}],"version-history":[{"count":0,"href":"https:\/\/www.europesays.com\/africa\/wp-json\/wp\/v2\/posts\/14520\/revisions"}],"wp:featuredmedia":[{"embeddable":true,"href":"https:\/\/www.europesays.com\/africa\/wp-json\/wp\/v2\/media\/14521"}],"wp:attachment":[{"href":"https:\/\/www.europesays.com\/africa\/wp-json\/wp\/v2\/media?parent=14520"}],"wp:term":[{"taxonomy":"category","embeddable":true,"href":"https:\/\/www.europesays.com\/africa\/wp-json\/wp\/v2\/categories?post=14520"},{"taxonomy":"post_tag","embeddable":true,"href":"https:\/\/www.europesays.com\/africa\/wp-json\/wp\/v2\/tags?post=14520"}],"curies":[{"name":"wp","href":"https:\/\/api.w.org\/{rel}","templated":true}]}}