{"id":14535,"date":"2026-01-10T04:55:24","date_gmt":"2026-01-10T04:55:24","guid":{"rendered":"https:\/\/www.europesays.com\/africa\/14535\/"},"modified":"2026-01-10T04:55:24","modified_gmt":"2026-01-10T04:55:24","slug":"can-2025-le-senegal-en-demi-finale-apres-un-match-costaud-face-au-mali","status":"publish","type":"post","link":"https:\/\/www.europesays.com\/africa\/14535\/","title":{"rendered":"CAN 2025: le S\u00e9n\u00e9gal en demi-finale apr\u00e8s un match costaud face au Mali"},"content":{"rendered":"<p class=\"mb-4 text-lg md:leading-8 break-words\">De notre envoy\u00e9 sp\u00e9cial \u00e0 Tanger,<\/p>\n<p class=\"mb-4 text-lg md:leading-8 break-words\">Cette fois, la solidarit\u00e9 et toute la volont\u00e9 des Maliens, magnifiques de courage et de r\u00e9sistance, n\u2019ont pas suffi. Une nouvelle fois \u00e0 10 contre 11 pour la troisi\u00e8me fois en quatre matchs, les Aigles ont c\u00e9d\u00e9 pour la premi\u00e8re fois dans cette CAN face au S\u00e9n\u00e9gal. \u00c0 onze contre onze, le Mali n\u2019avait d\u00e9j\u00e0 pas les faveurs des pronostics, \u00e0 dix, seul un miracle pouvait sauver les Maliens. Il a failli avoir lieu, car, le S\u00e9n\u00e9gal n\u2019a jamais pu marquer ce second but qui l\u2019aurait d\u00e9finitivement mis \u00e0 l\u2019abri.<\/p>\n<p class=\"mb-4 text-lg md:leading-8 break-words\">Il y a eu ce sentiment \u00e0 Tanger que le match \u00e9tait peut-\u00eatre pli\u00e9 lorsque le capitaine malien Yves Bissousma a \u00e9cop\u00e9 de son deuxi\u00e8me carton jaune, synonyme d\u2019exclusion \u00e0 quelques secondes de la mi-temps (45e).<\/p>\n<p>Les Lions maladroits<\/p>\n<p class=\"mb-4 text-lg md:leading-8 break-words\">\u00c0 ce moment, le S\u00e9n\u00e9gal \u00e9tait d\u00e9j\u00e0 devant gr\u00e2ce \u00e0 Iliman Ndiaye. Le joueur d\u2019Everton, au d\u00e9part de l\u2019attaque initi\u00e9e par les Lions, se retrouvait \u00e0 la conclusion, bien aid\u00e9 par une faute de main de Djigui Diarra sur le centre de Kr\u00e9pin Diatta (27e).<\/p>\n<p class=\"mb-4 text-lg md:leading-8 break-words\">Quasi irr\u00e9prochable depuis le d\u00e9but de la CAN, h\u00e9ros lors des tirs au but en huiti\u00e8mes de finale contre la Tunisie, le gardien malien permet aux S\u00e9n\u00e9galais d\u2019\u00eatre devant. Les Lions avaient jusque-l\u00e0 tenu le ballon, sans \u00eatre r\u00e9ellement mena\u00e7ants, m\u00eame s\u2019ils avaient une insolente possession (70% contre 30 \u00e0 la 30e minute) \u00e9touffant les Maliens qui n\u2019arrivaient pas \u00e0 sortir de leur camp.<\/p>\n<p class=\"mb-4 text-lg md:leading-8 break-words\">Les hommes de Tom Sainfiet ont du mal en effet \u00e0 construire le jeu, abusent des longs ballons, sont oblig\u00e9s de sauter le milieu de terrain, jadis force in\u00e9puisable des Aigles. Heureusement, le jeu de d\u00e9viation de Lassine Sinayoko fait du bien. L\u2019Auxerrois, seul buteur malien dans cette CAN (trois buts), est un pivot fiable avec lequel ses co\u00e9quipiers construisent quasiment leurs offensives.<\/p>\n<p class=\"mb-4 text-lg md:leading-8 break-words\">Comme face aux Comores et \u00e0 la Tunisie, \u00e0 10 contre 11, les Maliens, men\u00e9s cette fois, semblent presque transform\u00e9s. Ils sont plus dangereux en seconde p\u00e9riode avec Diaby qui oblige Edouard Mendy \u00e0 effectuer une parade d\u00e9cisive (57e) pour la plus grosse occasion malienne.<\/p>\n<p>Diarra, le mur de Bamako<\/p>\n<p class=\"mb-4 text-lg md:leading-8 break-words\">Mais si les hommes de Saintfiet sont rest\u00e9s en vie aussi longtemps, c&#8217;est aussi gr\u00e2ce aux parades de Djigui Diarra. Successivement, le portier des Young Africans s\u2019interpose sur les frappes de Gana Gu\u00e8ye (49e), Man\u00e9 (66e) et sur une t\u00eate de Path\u00e9 Ciss (67e). Le m\u00eame Ciss est revenu le d\u00e9fier en face-\u00e0-face, mais a encore perdu le duel (77e).<\/p>\n<p class=\"mb-4 text-lg md:leading-8 break-words\">Bien que dominateur, le S\u00e9n\u00e9gal n\u2019arrive pas \u00e0 faire le break et n\u2019est pas \u00e0 l\u2019abri d\u2019un exploit malien. Pape Thiaw d\u00e9cide de mettre du sang neuf avec les entr\u00e9es de Ch\u00e9ridf Ndiaye et Ibrahim Mbaye apr\u00e8s celles de Path\u00e9 Ciss et Lamine Camara.<\/p>\n<p class=\"mb-4 text-lg md:leading-8 break-words\">D\u00e9cisif quasiment \u00e0 chacune de ses entr\u00e9es, le jeune parisien aura mis du sien pour donner le ballon du break, mais Diarra avait d\u00e9cid\u00e9 d\u2019\u00e9riger le mur de Bamako. Impressionnant !<\/p>\n<p class=\"mb-4 text-lg md:leading-8 break-words\">Le S\u00e9n\u00e9gal a quelque peu souffert, mais s\u2019est qualifi\u00e9 pour la septi\u00e8me fois en demi-finale de la CAN, la troisi\u00e8me lors des quatre derni\u00e8res \u00e9ditions. Il sera face au vainqueur du quart de finale entre l\u2019\u00c9gypte et la C\u00f4te d\u2019Ivoire qui se joue ce samedi \u00e0 Agadir.<\/p>\n","protected":false},"excerpt":{"rendered":"De notre envoy\u00e9 sp\u00e9cial \u00e0 Tanger, Cette fois, la solidarit\u00e9 et toute la volont\u00e9 des Maliens, magnifiques de&hellip;\n","protected":false},"author":2,"featured_media":14536,"comment_status":"","ping_status":"","sticky":false,"template":"","format":"standard","meta":{"footnotes":""},"categories":[48],"tags":[9684,9685,4138,2082,1540,9394,9397,1541,2080,1661,4134,159],"class_list":{"0":"post-14535","1":"post","2":"type-post","3":"status-publish","4":"format-standard","5":"has-post-thumbnail","7":"category-senegal","8":"tag-ciss","9":"tag-diatta","10":"tag-djigui-diarra","11":"tag-edouard-mendy","12":"tag-ibrahim-mbaye","13":"tag-iliman-ndiaye","14":"tag-lamine-camara","15":"tag-lassine-sinayoko","16":"tag-le-mali","17":"tag-maliens","18":"tag-quart-de-finale","19":"tag-senegal"},"share_on_mastodon":{"url":"","error":""},"_links":{"self":[{"href":"https:\/\/www.europesays.com\/africa\/wp-json\/wp\/v2\/posts\/14535","targetHints":{"allow":["GET"]}}],"collection":[{"href":"https:\/\/www.europesays.com\/africa\/wp-json\/wp\/v2\/posts"}],"about":[{"href":"https:\/\/www.europesays.com\/africa\/wp-json\/wp\/v2\/types\/post"}],"author":[{"embeddable":true,"href":"https:\/\/www.europesays.com\/africa\/wp-json\/wp\/v2\/users\/2"}],"replies":[{"embeddable":true,"href":"https:\/\/www.europesays.com\/africa\/wp-json\/wp\/v2\/comments?post=14535"}],"version-history":[{"count":0,"href":"https:\/\/www.europesays.com\/africa\/wp-json\/wp\/v2\/posts\/14535\/revisions"}],"wp:featuredmedia":[{"embeddable":true,"href":"https:\/\/www.europesays.com\/africa\/wp-json\/wp\/v2\/media\/14536"}],"wp:attachment":[{"href":"https:\/\/www.europesays.com\/africa\/wp-json\/wp\/v2\/media?parent=14535"}],"wp:term":[{"taxonomy":"category","embeddable":true,"href":"https:\/\/www.europesays.com\/africa\/wp-json\/wp\/v2\/categories?post=14535"},{"taxonomy":"post_tag","embeddable":true,"href":"https:\/\/www.europesays.com\/africa\/wp-json\/wp\/v2\/tags?post=14535"}],"curies":[{"name":"wp","href":"https:\/\/api.w.org\/{rel}","templated":true}]}}