{"id":14537,"date":"2026-01-10T04:56:10","date_gmt":"2026-01-10T04:56:10","guid":{"rendered":"https:\/\/www.europesays.com\/africa\/14537\/"},"modified":"2026-01-10T04:56:10","modified_gmt":"2026-01-10T04:56:10","slug":"les-lions-de-latlas-filent-en-demi","status":"publish","type":"post","link":"https:\/\/www.europesays.com\/africa\/14537\/","title":{"rendered":"Les lions de l&#8217;Atlas filent en demi!"},"content":{"rendered":"<p style=\"text-align: left;\">Retrouvez le r\u00e9sum\u00e9 de Cameroun\/Maroc avec les but de Diaz et Saibari. Dans le cadre des quarts de finale de la CAN 2025, le Maroc \u00e9tait au Stade Prince Moulay Abdellah ce vendredi afin d\u2019affronter le Cameroun. Un match qui concernait 1 joueur du Paris Saint-Germain, c\u00f4t\u00e9 marocain : Achraf Hakimi (lat\u00e9ral droit de 27 ans). Il \u00e9tait titulaire lors de la victoire 2-0 des Lions de l\u2019Atlas, synonyme de qualification pour les demi-finales.\u00a0<\/p>\n<p>Le r\u00e9sum\u00e9 et le but de Cameroun\/Maroc en vid\u00e9o<\/p>\n<p>Revivez les meilleurs moments et le but (Brahim Diaz 26e et Ismael Saibari 74e) de ce Cameroun\/Maroc avec ce r\u00e9sum\u00e9 vid\u00e9o :<\/p>\n<p>\t\t\t\t\t\t\t\t\t\t\t\t\t\t\t\t\t\t\t\t\t\t\t<img decoding=\"async\" src=\"https:\/\/www.europesays.com\/africa\/wp-content\/uploads\/2026\/01\/ParisFans_Logo.png\"\/><\/p>\n","protected":false},"excerpt":{"rendered":"Retrouvez le r\u00e9sum\u00e9 de Cameroun\/Maroc avec les but de Diaz et Saibari. Dans le cadre des quarts de&hellip;\n","protected":false},"author":2,"featured_media":14538,"comment_status":"","ping_status":"","sticky":false,"template":"","format":"standard","meta":{"footnotes":""},"categories":[41],"tags":[8200,158,9686,2121,9687],"class_list":{"0":"post-14537","1":"post","2":"type-post","3":"status-publish","4":"format-standard","5":"has-post-thumbnail","7":"category-maroc","8":"tag-cameroun-maroc","9":"tag-maroc","10":"tag-resume-video","11":"tag-une","12":"tag-video-buts"},"share_on_mastodon":{"url":"","error":""},"_links":{"self":[{"href":"https:\/\/www.europesays.com\/africa\/wp-json\/wp\/v2\/posts\/14537","targetHints":{"allow":["GET"]}}],"collection":[{"href":"https:\/\/www.europesays.com\/africa\/wp-json\/wp\/v2\/posts"}],"about":[{"href":"https:\/\/www.europesays.com\/africa\/wp-json\/wp\/v2\/types\/post"}],"author":[{"embeddable":true,"href":"https:\/\/www.europesays.com\/africa\/wp-json\/wp\/v2\/users\/2"}],"replies":[{"embeddable":true,"href":"https:\/\/www.europesays.com\/africa\/wp-json\/wp\/v2\/comments?post=14537"}],"version-history":[{"count":0,"href":"https:\/\/www.europesays.com\/africa\/wp-json\/wp\/v2\/posts\/14537\/revisions"}],"wp:featuredmedia":[{"embeddable":true,"href":"https:\/\/www.europesays.com\/africa\/wp-json\/wp\/v2\/media\/14538"}],"wp:attachment":[{"href":"https:\/\/www.europesays.com\/africa\/wp-json\/wp\/v2\/media?parent=14537"}],"wp:term":[{"taxonomy":"category","embeddable":true,"href":"https:\/\/www.europesays.com\/africa\/wp-json\/wp\/v2\/categories?post=14537"},{"taxonomy":"post_tag","embeddable":true,"href":"https:\/\/www.europesays.com\/africa\/wp-json\/wp\/v2\/tags?post=14537"}],"curies":[{"name":"wp","href":"https:\/\/api.w.org\/{rel}","templated":true}]}}