{"id":14635,"date":"2026-01-10T06:07:10","date_gmt":"2026-01-10T06:07:10","guid":{"rendered":"https:\/\/www.europesays.com\/africa\/14635\/"},"modified":"2026-01-10T06:07:10","modified_gmt":"2026-01-10T06:07:10","slug":"pedro-sanchez-plaide-pour-le-renforcement-du-partenariat-strategique-entre-lue-et-le-maroc","status":"publish","type":"post","link":"https:\/\/www.europesays.com\/africa\/14635\/","title":{"rendered":"Pedro S\u00e1nchez plaide pour le renforcement du partenariat strat\u00e9gique entre l&#8217;UE et le Maroc"},"content":{"rendered":"<p>\t\t\t\t\t Le pr\u00e9sident du gouvernement espagnol, Pedro S\u00e1nchez, a appel\u00e9, jeudi \u00e0 Madrid, au d\u00e9veloppement de partenariats strat\u00e9giques renforc\u00e9s entre l\u2019Union europ\u00e9enne (UE) et ses voisins du Sud, au premier rang desquels le Maroc, afin de promouvoir un espace de prosp\u00e9rit\u00e9 partag\u00e9e et de stabilit\u00e9. <\/p>\n<p>S\u2019exprimant \u00e0 l\u2019ouverture de la Conf\u00e9rence des ambassadeurs d\u2019Espagne accr\u00e9dit\u00e9s \u00e0 l\u2019\u00e9tranger, organis\u00e9e les 8 et 9 janvier sous le th\u00e8me \u00abL\u2019Espagne, acteur mondial\u00bb, M. S\u00e1nchez a soulign\u00e9 que le renforcement des relations avec le Maroc constitue l\u2019une des priorit\u00e9s de la politique \u00e9trang\u00e8re de l\u2019Espagne et de l\u2019Union europ\u00e9enne pour l\u2019ann\u00e9e 2026. <\/p>\n<p>Le chef de l\u2019Ex\u00e9cutif espagnol a jug\u00e9 \u00aburgent\u00bb que l\u2019Union europ\u00e9enne actualise ses instruments de coop\u00e9ration afin de consolider un voisinage sud \u00abpacifique et s\u00fbr\u00bb. A cet \u00e9gard, il a annonc\u00e9 que l\u2019Espagne proposera \u00e0 la Commission europ\u00e9enne d\u2019\u00e9tablir, dans les mois \u00e0 venir, des \u00abpartenariats strat\u00e9giques renforc\u00e9s\u00bb avec des pays partenaires cl\u00e9s, notamment le Maroc, le S\u00e9n\u00e9gal et la Mauritanie. <\/p>\n<p>M. S\u00e1nchez a, par ailleurs, insist\u00e9 sur la n\u00e9cessit\u00e9 de fonder ces partenariats sur l\u2019entente, le dialogue et le respect mutuel, dans un contexte g\u00e9opolitique mondial qu\u2019il a qualifi\u00e9 de \u00abparticuli\u00e8rement complexe\u00bb.\n\t\t\t\t <\/p>\n","protected":false},"excerpt":{"rendered":"Le pr\u00e9sident du gouvernement espagnol, Pedro S\u00e1nchez, a appel\u00e9, jeudi \u00e0 Madrid, au d\u00e9veloppement de partenariats strat\u00e9giques renforc\u00e9s&hellip;\n","protected":false},"author":2,"featured_media":14636,"comment_status":"","ping_status":"","sticky":false,"template":"","format":"standard","meta":{"footnotes":""},"categories":[41],"tags":[158,6628,8274,8275],"class_list":{"0":"post-14635","1":"post","2":"type-post","3":"status-publish","4":"format-standard","5":"has-post-thumbnail","7":"category-maroc","8":"tag-maroc","9":"tag-partenariat-strategique","10":"tag-pedro-sanchez","11":"tag-ue"},"share_on_mastodon":{"url":"","error":""},"_links":{"self":[{"href":"https:\/\/www.europesays.com\/africa\/wp-json\/wp\/v2\/posts\/14635","targetHints":{"allow":["GET"]}}],"collection":[{"href":"https:\/\/www.europesays.com\/africa\/wp-json\/wp\/v2\/posts"}],"about":[{"href":"https:\/\/www.europesays.com\/africa\/wp-json\/wp\/v2\/types\/post"}],"author":[{"embeddable":true,"href":"https:\/\/www.europesays.com\/africa\/wp-json\/wp\/v2\/users\/2"}],"replies":[{"embeddable":true,"href":"https:\/\/www.europesays.com\/africa\/wp-json\/wp\/v2\/comments?post=14635"}],"version-history":[{"count":0,"href":"https:\/\/www.europesays.com\/africa\/wp-json\/wp\/v2\/posts\/14635\/revisions"}],"wp:featuredmedia":[{"embeddable":true,"href":"https:\/\/www.europesays.com\/africa\/wp-json\/wp\/v2\/media\/14636"}],"wp:attachment":[{"href":"https:\/\/www.europesays.com\/africa\/wp-json\/wp\/v2\/media?parent=14635"}],"wp:term":[{"taxonomy":"category","embeddable":true,"href":"https:\/\/www.europesays.com\/africa\/wp-json\/wp\/v2\/categories?post=14635"},{"taxonomy":"post_tag","embeddable":true,"href":"https:\/\/www.europesays.com\/africa\/wp-json\/wp\/v2\/tags?post=14635"}],"curies":[{"name":"wp","href":"https:\/\/api.w.org\/{rel}","templated":true}]}}