{"id":1465,"date":"2026-01-03T23:54:40","date_gmt":"2026-01-03T23:54:40","guid":{"rendered":"https:\/\/www.europesays.com\/africa\/1465\/"},"modified":"2026-01-03T23:54:40","modified_gmt":"2026-01-03T23:54:40","slug":"cardinal-ambongo-la-paix-en-afrique-depend-de-nous-les-africains","status":"publish","type":"post","link":"https:\/\/www.europesays.com\/africa\/1465\/","title":{"rendered":"Cardinal Ambongo: \u00abla paix en Afrique d\u00e9pend de nous les Africains\u00bb"},"content":{"rendered":"<p>Revenant sur des \u00e9v\u00e8nements qui ont marqu\u00e9 la vie de l\u2019\u00c9glise universelle en 2025 et \u00e0 l\u2019actualit\u00e9 sociale et politique de l\u2019Afrique, le cardinal Ambongo, pr\u00e9sident du SCEAM, estime que la paix v\u00e9ritable n&#8217;adviendra pour l\u2019Afrique que par la conversion de ses fils et par leur engagement dans la v\u00e9rit\u00e9, la justice et l\u2019\u00e9galit\u00e9. Il souhaite que 2026 soit un v\u00e9ritable point d\u00e9part de la lib\u00e9ration de l\u2019Afrique de toutes les \u00abpuissances qui la maintiennent dans les conflits et la pauvret\u00e9\u00bb. <\/p>\n<p>Fran\u00e7oise Niamien &#8211; Cit\u00e9 du Vatican<\/p>\n<p>L\u2019ann\u00e9e 2025 restera grav\u00e9e dans la m\u00e9moire de plus d\u2019un chr\u00e9tien dans le monde. En effet, elle a \u00e9t\u00e9 marqu\u00e9e par une Ann\u00e9e jubilaire ayant pour th\u00e8me l\u2019esp\u00e9rance. Le d\u00e9c\u00e8s du Pape Fran\u00e7ois et l\u2019\u00e9lection de son successeur le Pape L\u00e9on XIV, ont \u00e9t\u00e9 \u00e9galement des \u00e9v\u00e9nements qui ont marqu\u00e9 la vie de l\u2019\u00c9glise universelle au cours de ce Jubil\u00e9 qui se refermera solennellement le 6 janvier 2026 en la f\u00eate de l\u2019\u00c9piphanie du Seigneur.<br \/>\u00c0 l\u2019or\u00e9e du Nouvel An, dans un entretien accord\u00e9 \u00e0 Vatican News, le cardinal Fridolin Ambongo, pr\u00e9sident du Symposium des Conf\u00e9rences \u00e9piscopales d\u2019Afrique et de Madagascar (Sceam), revient sur le Jubil\u00e9 2025 qui, selon lui, a \u00e9t\u00e9 \u00abun Ka\u00efros pour toute l\u2019\u00c9glise Universelle\u00bb.<br \/>L\u2019actualit\u00e9 sociale et politique en Afrique reste domin\u00e9e par les nombreux conflits, des coups d\u2019\u00c9tats et le ph\u00e9nom\u00e8ne d\u2019enl\u00e8vement et d\u2019assassinat des chr\u00e9tiens notamment au Nigeria,\u00a0autant de points \u00e9voqu\u00e9s avec le cardinal congolais.<\/p>\n<p>\n   Entretien avec le cardinal Fridolin Ambongo, pr\u00e9sident du SCEAM\n  <\/p>\n<p>\u00c9minence, quels sont vos v\u0153ux \u00e0 l\u2019Afrique et au monde \u00e0 l\u2019aube du Nouvel An?<\/p>\n<p>Par sa venue dans le monde \u00e0 No\u00ebl, que le Christ, le prince de la paix nous fasse gr\u00e2ce de sa paix et la certitude qu&#8217;un monde meilleur est possible. Alors, \u00e0 l\u2019endroit tous, je formule mes v\u0153ux les meilleurs pour un avenir harmonieux et pacifique pour tous les enfants de Dieu qui habitent sur cette terre.<\/p>\n<p>     <a href=\"https:\/\/www.vaticannews.va\/fr\/pape\/news\/2025-12\/pape-leon-xiv-message-noel-urbi-orbi-paix.html\" title=\"B\u00e9n\u00e9diction Urbi et Orbi : \u00abLa paix est une responsabilit\u00e9\u00bb rappelle le Pape\" rel=\"nofollow noopener\" target=\"_blank\"><\/p>\n<p>        <img decoding=\"async\" src=\"data:image\/gif;base64,R0lGODlhAQABAIAAAAAAAP\/\/\/yH5BAEAAAAALAAAAAABAAEAAAIBRAA7\" data-original=\"https:\/\/www.vaticannews.va\/content\/dam\/vaticannews\/agenzie\/images\/srv\/2025\/12\/25\/2025-12-25-natale-del-signore--benedizione-urbi-et-orbi\/1766661103300.JPG\/_jcr_content\/renditions\/cq5dam.thumbnail.cropped.500.281.jpeg\" alt=\"B\u00e9n\u00e9diction Urbi et Orbi : \u00abLa paix est une responsabilit\u00e9\u00bb rappelle le Pape\"\/><\/p>\n<p>      <\/a><\/p>\n<p>\n      Dans son message de No\u00ebl adress\u00e9 ce jeudi depuis la loggia de la basilique Saint-Pierre, le Pape a \u00e9voqu\u00e9 les nombreux conflits qui d\u00e9chirent la plan\u00e8te. \u00abSi chacun au lieu &#8230;\n     <\/p>\n<p>Quelle analyse faites-vous du message de No\u00ebl du Pape L\u00e9on XIV, adress\u00e9 au monde entier depuis la loge centrale de la basilique Saint-Pierre, le 25 d\u00e9cembre 2025? <\/p>\n<p>Je salue le message de No\u00ebl 2025 du Pape L\u00e9on XIV dans lequel il s\u2019est focalis\u00e9 sur le th\u00e8me de la paix appelant \u00e0 la fin des conflits et des violences dans le monde. Nous le savons tous, l&#8217;ann\u00e9e 2025 a \u00e9t\u00e9 fortement marqu\u00e9e par des violences \u00e0 travers le monde et, ce \u00e0 divers degr\u00e9s. Que le Saint-P\u00e8re appelle \u00e0 la paix, je m\u2019en r\u00e9jouis surtout que beaucoup de nos pays en Afrique vivent des conflits depuis plusieurs ann\u00e9es.<\/p>\n<p>Le Pape a indiqu\u00e9 dans ce message, je cite: \u00absi chacun, au lieu d&#8217;accuser les autres, reconnaissait d&#8217;abord ses propres fautes et demandait pardon \u00e0 Dieu, et en m\u00eame temps se mettait \u00e0 la place de ceux qui souffrent, se montrait solidaire des plus faibles et des opprim\u00e9s, alors le monde changerait.\u00bb Quelle analyse faites-vous de cette pens\u00e9e du Pape? <\/p>\n<p>Le Saint-P\u00e8re interpelle toutes les consciences. La conscience humaine mais aussi la conscience chr\u00e9tienne. Et chacun de nous, \u00e0 son niveau, doit prendre conscience de sa responsabilit\u00e9 dans cette qu\u00eate de paix mondiale. Imaginons un instant que tous, autant que nous sommes, nous nous remettions en question devant Dieu et devant notre propre conscience, je crois qu\u2019on \u00e9viterait au monde tous ces conflits. Malheureusement, notre monde d\u2019aujourd\u2019hui est domin\u00e9 par l&#8217;\u00e9go\u00efsme, du chacun pour soi et l\u2019insensibilit\u00e9 \u00e0 la souffrance des autres. Nous sommes face \u00e0 des puissants qui peuvent se permettre d\u2019\u00e9craser les plus faibles.<\/p>\n<p>     <a href=\"https:\/\/www.vaticannews.va\/fr\/pape\/news\/2025-08\/theme-message-journee-mondiale-paix-2026-desarmee-et-desarmante.html\" title=\"La paix d\u00e9sarm\u00e9e et d\u00e9sarmante, th\u00e8me de la journ\u00e9e de la paix 2026\" rel=\"nofollow noopener\" target=\"_blank\"><\/p>\n<p>        <img decoding=\"async\" src=\"data:image\/gif;base64,R0lGODlhAQABAIAAAAAAAP\/\/\/yH5BAEAAAAALAAAAAABAAEAAAIBRAA7\" data-original=\"https:\/\/www.vaticannews.va\/content\/dam\/vaticannews\/agenzie\/images\/srv\/2025\/05\/11\/2025-05-11-regina-caeli\/1746958026015.JPG\/_jcr_content\/renditions\/cq5dam.thumbnail.cropped.500.281.jpeg\" alt=\"La paix d\u00e9sarm\u00e9e et d\u00e9sarmante, th\u00e8me de la journ\u00e9e de la paix 2026\"\/><\/p>\n<p>      <\/a><\/p>\n<p>\n      \u00abLa paix soit avec vous tous. Vers une paix d\u00e9sarm\u00e9e et d\u00e9sarmante\u00bb: c\u2019est le th\u00e8me du prochain message pour la Journ\u00e9e mondiale de la paix 2026, c\u00e9l\u00e9br\u00e9e le 1er janvier et rendu &#8230;\n     <\/p>\n<p>\u00abQue la paix soit avec vous tous. Vers une paix d\u00e9sarm\u00e9e et d\u00e9sarmante\u00bb est le th\u00e8me du message du Pape L\u00e9on XIV pour la 49e Journ\u00e9e mondiale de la paix. Que vous inspire ce th\u00e8me?<\/p>\n<p>Je crois qu&#8217;il y a une logique, une coh\u00e9rence dans la prise de position du Souverain pontife. Il insiste sur cette particularit\u00e9 d&#8217;une paix \u00abd\u00e9sarm\u00e9e et d\u00e9sarmante\u00bb. Cela signifie que la vraie paix se construit, se consolide, non pas des armes. La vraie paix, c&#8217;est un processus qui se m\u00e8ne dans un dialogue, dans un vivre-ensemble harmonieux. Et cette paix, elle doit \u00eatre \u00abd\u00e9sarmante\u00bb parce que la logique actuelle de notre monde n\u2019est pas celle d\u2019une recherche de paix. Malheureusement, ces puissants, sans en mesurer les cons\u00e9quences, continuent de soutenir que \u00abqui veut la paix, pr\u00e9pare la guerre\u00bb. Mais pour le Pape, c&#8217;est juste le contraire. Qui veut la paix, pr\u00e9pare la paix, s&#8217;engage \u00e0 chercher la paix et la construire. C\u2019est bien regrettable que cette logique de vouloir la paix par la guerre pr\u00e9vale aujourd&#8217;hui dans le monde.<\/p>\n<p>\u00c9minence, abordons \u00e0 pr\u00e9sent le chapitre du Jubil\u00e9 2025 qui se conclut dans quelques jours. Pour vous, quelle a \u00e9t\u00e9 la port\u00e9e de cette Ann\u00e9e Sainte pour l\u2019\u00c9glise elle-m\u00eame et pour le peuple de Dieu? <\/p>\n<p>Pour ma part, c&#8217;est vraiment le premier Jubil\u00e9 qui a mobilis\u00e9 toutes les cat\u00e9gories sociales, eccl\u00e9siales, pour r\u00e9fl\u00e9chir, m\u00e9diter sur le th\u00e8me de l&#8217;esp\u00e9rance, le th\u00e8me de cette Ann\u00e9e jubilaire. \u00c0 Rome, ce sont des millions de p\u00e8lerins venus du monde entier qui ont franchi les portes saintes de la Ville \u00c9ternel. Pour moi, le Jubil\u00e9 2025 a \u00e9t\u00e9 un \u00e9v\u00e8nement sans pr\u00e9c\u00e9dent, un \u00e9v\u00e9nement de grande ampleur. Cette Ann\u00e9e sp\u00e9ciale, nous l\u2019avons v\u00e9cue et c\u00e9l\u00e9br\u00e9e \u00e0 l\u2019\u00e9chelle continentale, dioc\u00e9saine et paroissiale avec une adaptation du programme \u00e9labor\u00e9 par Rome. Ainsi, au terme de cette Ann\u00e9e jubilaire, je voudrais rendre gr\u00e2ce \u00e0 Dieu pour ce grand cadeau spirituel qu\u2019est le Jubil\u00e9 2025. C\u2019est aussi l\u2019occasion pour moi de c\u00e9l\u00e9brer la m\u00e9moire du Pape Fran\u00e7ois qui a inaugur\u00e9 solennellement cette ann\u00e9e de l\u2019esp\u00e9rance, le 24 d\u00e9cembre 2024, par l\u2019ouverture de la Porte Sainte de la basilique Saint-Pierre de Rome. En outre, je voudrais exprimer toute ma reconnaissance au Pape L\u00e9on XIV qui, apr\u00e8s son \u00e9lection, a pris son b\u00e2ton de p\u00e8lerin pour poursuivre et achever le chemin entam\u00e9 par son pr\u00e9d\u00e9cesseur.<\/p>\n<p>En tant que pr\u00e9sident du SCEAM, \u00e0 quelques jours de la cl\u00f4ture solennelle du Jubil\u00e9 2025, le 6 janvier 2026, quel est votre message \u00e0 adresser \u00e0 tout le peuple de Dieu, en Afrique et \u00e0 tout le continent africain? <\/p>\n<p>Partant de la r\u00e9alit\u00e9 socio-eccl\u00e9siale de l&#8217;Afrique, nous en d\u00e9duisons que plusieurs parties de notre continent sont en proie aux conflits, \u00e0 la violence, \u00e0 la faim et autres calamit\u00e9s naturelles mais aussi \u00e0 la pauvret\u00e9 et \u00e0 la mis\u00e8re. Mais aussi, la mis\u00e8re, la pauvret\u00e9, qui poussent beaucoup de nos jeunes \u00e0 abandonner le continent et \u00e0 aller chercher ce qu&#8217;ils croient \u00eatre le paradis ailleurs. C\u2019est bien regrettable, que tr\u00e8s souvent, cette envie de partir se termine par des drames dans la M\u00e9diterran\u00e9e. Au terme de l&#8217;Ann\u00e9e de l&#8217;esp\u00e9rance, je souhaiterais rappeler \u00e0 tous nos fr\u00e8res et s\u0153urs africains qu&#8217;un avenir meilleur est possible pour notre continent. Nous ne devons pas d\u00e9sesp\u00e9rer; ayons confiance en nos capacit\u00e9s de transformer, d&#8217;am\u00e9liorer notre avenir. Tout d\u00e9pend de nous-m\u00eames, Africains, je dirais &#8220;la balle est dans notre camp&#8221;. Gardons la foi qu&#8217;un jour notre Afrique sera lib\u00e9r\u00e9e de tous ces conflits. Que les gr\u00e2ces re\u00e7ues au cours de l\u2019ann\u00e9e jubilaire puissent nous consolider, nous donner la force d&#8217;aller de l&#8217;avant pour transformer notre avenir, l\u2019avenir de notre continent. Et par-dessus tout, demeurons dans l\u2019esp\u00e9rance comme l\u2019a souhait\u00e9 le Pape L\u00e9on XIV.<\/p>\n<p>     <a href=\"https:\/\/www.vaticannews.va\/fr\/pape\/news\/2024-12\/messe-nuit-noel-pape-francois-ouverture-porte-sainte-jubile-2025.html\" title=\"Messe de la nuit de No\u00ebl et d\u00e9but d&#039;une ann\u00e9e de gr\u00e2ce, de renouveau et d\u2019esp\u00e9rance \" rel=\"nofollow noopener\" target=\"_blank\"><\/p>\n<p>        <img decoding=\"async\" src=\"data:image\/gif;base64,R0lGODlhAQABAIAAAAAAAP\/\/\/yH5BAEAAAAALAAAAAABAAEAAAIBRAA7\" data-original=\"https:\/\/www.vaticannews.va\/content\/dam\/vaticannews\/agenzie\/images\/srv\/2024\/12\/24\/2024-12-24-rito-apertura-porta-santa-basilica-di-san-pietro\/1735065812159.jpg\/_jcr_content\/renditions\/cq5dam.thumbnail.cropped.500.281.jpeg\" alt=\"Messe de la nuit de No\u00ebl et d\u00e9but d'une ann\u00e9e de gr\u00e2ce, de renouveau et d\u2019esp\u00e9rance \"\/><\/p>\n<p>      <\/a><\/p>\n<p>\n      Avant de c\u00e9l\u00e9brer la Sainte Messe de la nuit de No\u00ebl, le Pape Fran\u00e7ois a ouvert la Porte Sainte de la basilique Saint-Pierre, inaugurant ainsi le Jubil\u00e9 2025 plac\u00e9 sous le th\u00e8me de &#8230;\n     <\/p>\n<p>Le Jubil\u00e9 2025 qui s\u2019ach\u00e8ve a co\u00efncid\u00e9 avec le d\u00e9c\u00e8s du Pape Fran\u00e7ois. \u00c9minence que gardez-vous en souvenir du d\u00e9funt Pape Fran\u00e7ois? <\/p>\n<p>Moi, j&#8217;ai eu le privil\u00e8ge non seulement d&#8217;avoir \u00e9t\u00e9 cr\u00e9\u00e9 cardinal par le Pape Fran\u00e7ois en 2019, mais une ann\u00e9e apr\u00e8s, il me nomme membre du Conseil des neuf cardinaux, le C9. \u00c0 ce titre, j&#8217;ai eu l\u2019occasion de l\u2019approcher, de le connaitre et surtout de travailler avec lui. Le souvenir le plus fort que je garde de lui, c&#8217;est celui d&#8217;un grand pasteur, un homme qui savait souffrir avec son peuple. Un homme qui avait le courage de prendre la parole et d&#8217;exprimer ce que ressent son peuple, surtout les pauvres. On s\u2019en souvient, le premier d\u00e9placement de son pontificat en dehors de Rome a \u00e9t\u00e9 la visite aux migrants \u00e0 Lampedusa. En outre, je garde du d\u00e9funt Pape toute sa passion qu\u2019il avait pour les pauvres, les n\u00e9cessiteux, les laiss\u00e9s pour compte. Il a \u00e9t\u00e9 le d\u00e9fenseur de la cause des pauvres.<\/p>\n<p>Que diriez-vous du Pape Fran\u00e7ois et l\u2019Afrique? <\/p>\n<p>Le Pape Fran\u00e7ois a effectu\u00e9 cinq voyages apostoliques en Afrique, o\u00f9 il a visit\u00e9 10 pays, entre 2015 et 2023. Pour ma part, le grand souvenir que le continent africain pourrait garder de lui, c\u2019est certainement son message fort depuis la R\u00e9publique d\u00e9mocratique du Congo, et, adress\u00e9 aux puissants de ce monde et au regard de toutes les situations de mis\u00e8res o\u00f9 baigne le continent aujourd&#8217;hui: \u00abRetirez vos mains de la R\u00e9publique d\u00e9mocratique du Congo, retirez vos mains de l\u2019Afrique! Cessez d\u2019\u00e9touffer l\u2019Afrique\u00bb. Aujourd\u2019hui l\u2019Afrique en g\u00e9n\u00e9ral et en particulier la R\u00e9publique d\u00e9mocratique du Congo, constituent des mines d\u2019or que les puissances de ce monde peuvent exploiter et apr\u00e8s abandonner.<\/p>\n<p>Un message qui pourrait par ailleurs interpeller les dirigeants africains? Qu\u2019en pensez-vous? <\/p>\n<p>C\u2019est \u00e9vident que cet appel s&#8217;adresse aussi \u00e0 nous tous en tant qu&#8217;Africains. Nous devons aussi tout d\u2019abord aimer et respecter notre Afrique. Nous devons savoir la faire respecter par tous. Plus encore, savoir la d\u00e9fendre face \u00e0 tous ces envahisseurs qui viennent la piller, la vider et apr\u00e8s nous, laisser comme, dans l\u2019\u00e9vangile, cet homme qui \u00e9tait battu par des bandits, bless\u00e9 et abandonn\u00e9 au bord de la route. Ce message du Pape Fran\u00e7ois reste actuel. Nous les Africains, nous n&#8217;en avons pas encore tir\u00e9 toutes les cons\u00e9quences et nous devrons le faire, car le moment est venu.<\/p>\n<p>Pourrions-nous conclure que le Pape Fran\u00e7ois a \u00e9t\u00e9 un v\u00e9ritable d\u00e9fenseur de l\u2019Afrique? <\/p>\n<p>Le Pape Fran\u00e7ois a \u00e9t\u00e9 un d\u00e9fenseur de la cause des petits, des faibles, des pauvres. Or, l&#8217;Afrique est aujourd&#8217;hui le continent qui renferme davantage cette cat\u00e9gorie sociale que J\u00e9sus a d&#8217;ailleurs consid\u00e9r\u00e9e comme la pr\u00e9f\u00e9r\u00e9e du royaume. Par cons\u00e9quent, je peux dire que le Pape-d\u00e9funt a \u00e9t\u00e9 un grand d\u00e9fenseur de la cause de l&#8217;Afrique, pour autant que l&#8217;Afrique est un continent de pauvres et de petits.<\/p>\n<p>     <a href=\"https:\/\/www.vaticannews.va\/fr\/pape\/news\/2023-01\/pape-francois-kinshasa-discours-aux-autorites-congo-rdc.html\" title=\"\u00abCessez d\u2019\u00e9touffer l\u2019Afrique!\u00bb: l\u2019appel du Pape \u00e0 son arriv\u00e9e \u00e0 Kinshasa\" rel=\"nofollow noopener\" target=\"_blank\"><\/p>\n<p>        <img decoding=\"async\" src=\"data:image\/gif;base64,R0lGODlhAQABAIAAAAAAAP\/\/\/yH5BAEAAAAALAAAAAABAAEAAAIBRAA7\" data-original=\"https:\/\/media.vaticannews.va\/media\/content\/dam-archive\/vaticannews\/agenzie\/images\/srv\/2023\/01\/31\/2023-01-31-viaggio-apostolico-nella-repubblica-democratica-del-c\/1675184895197.JPG\/_jcr_content\/renditions\/cq5dam.thumbnail.cropped.500.281.jpeg\" alt=\"\u00abCessez d\u2019\u00e9touffer l\u2019Afrique!\u00bb: l\u2019appel du Pape \u00e0 son arriv\u00e9e \u00e0 Kinshasa\"\/><\/p>\n<p>      <\/a><\/p>\n<p>\n      D\u00e8s le d\u00e9but de son 40e voyage apostolique, le Pape Fran\u00e7ois s\u2019est \u00e9lev\u00e9 contre les multiples formes d\u2019exploitation men\u00e9es en Afrique et plus sp\u00e9cialement en R\u00e9publique &#8230;\n     <\/p>\n<p>Le Pape Fran\u00e7ois d\u00e9c\u00e9d\u00e9, il s\u2019en suit un conclave pour l\u2019\u00e9lection d\u2019un nouveau Souverain pontife, le Pape L\u00e9on XIV. Que gardez-vous de ce conlave? <\/p>\n<p>Sous la conduite de l\u2019Esprit Saint et par la Gr\u00e2ce \u00e0 Dieu, au nombre de 133 cardinaux de ce conclave, nous avons \u00e9lu le successeur au Pape Fran\u00e7ois, en la personne du Pape L\u00e9on XIV, pour qui nous rendons gr\u00e2ce \u00e0 Dieu. Et aussit\u00f4t \u00e9lu et install\u00e9 sur le tr\u00f4ne de Pierre, avec beaucoup d\u2019\u00e9nergie. Avec lui nous poursuivons la marche de l\u2019\u00c9glise dont le Christ est le guide. Et le nouveau Pape s&#8217;est inscrit dans cette dynamique spirituelle.<br \/>Et voil\u00e0, aujourd&#8217;hui, il donne la confiance aux fid\u00e8les catholiques, aux hommes et aux femmes de bonne volont\u00e9 \u00e0 travers le monde, en insistant sur les notions de paix et d&#8217;esp\u00e9rance car celle-ci ne d\u00e9\u00e7oit jamais.<\/p>\n<p>Que devrions-nous tirer de cette Ann\u00e9e sainte? <\/p>\n<p>Nous devons travailler pour cr\u00e9er des conditions pour un avenir meilleur. Voil\u00e0 pourquoi, au terme de cette ann\u00e9e jubilaire, nous avons tir\u00e9 de grands enseignements de cette ann\u00e9e, que nous devons mettre en application, chacun \u00e0 son niveau, pour que nous puissions cr\u00e9er \u00e0 nouveau les conditions d&#8217;un monde meilleur. Un monde dans lequel tous les fils et toutes les filles peuvent vivre en paix, en se regardant dans les yeux comme des enfants d&#8217;un m\u00eame p\u00e8re.<\/p>\n<p>     <a href=\"https:\/\/www.vaticannews.va\/fr\/eglise\/news\/2023-12\/cardinal-ambongo-que-2024-soit-une-annee-de-liberation-et-de.html\" title=\"Cardinal Ambongo: que 2024 soit une ann\u00e9e de lib\u00e9ration et de respect de la dignit\u00e9 des africains\" rel=\"nofollow noopener\" target=\"_blank\"><\/p>\n<p>        <img decoding=\"async\" src=\"data:image\/gif;base64,R0lGODlhAQABAIAAAAAAAP\/\/\/yH5BAEAAAAALAAAAAABAAEAAAIBRAA7\" data-original=\"https:\/\/www.vaticannews.va\/content\/dam\/vaticannews\/agenzie\/images\/afp\/2023\/02\/01\/14\/1675256898735.jpg\/_jcr_content\/renditions\/cq5dam.thumbnail.cropped.500.281.jpeg\" alt=\"Cardinal Ambongo: que 2024 soit une ann\u00e9e de lib\u00e9ration et de respect de la dignit\u00e9 des africains\"\/><\/p>\n<p>      <\/a><\/p>\n<p>\n      \u00c0 la veille de l\u2019ann\u00e9e 2024, le pr\u00e9sident du Symposium des Conf\u00e9rences \u00c9piscopales d\u2019Afrique de Madagascar (SCEAM), le cardinal Fridolin Ambongo, formule des v\u0153ux de paix et de &#8230;\n     <\/p>\n<p>Revenons \u00e0 l\u2019\u00c9glise en Afrique. L\u2019ann\u00e9e 2025 a \u00e9t\u00e9 marqu\u00e9e par la tenue de la 20e assembl\u00e9e pl\u00e9ni\u00e8re du Symposium des Conf\u00e9rence \u00e9piscopales d\u2019Afrique et de Madagascar, SCEAM, du 30 juillet au 4 ao\u00fbt, \u00e0 Kigali, au Rwanda. Cette rencontre continentale avait pour th\u00e8me \u00abLe Christ, source d&#8217;esp\u00e9rance, de r\u00e9conciliation et de paix\u00bb. Que devons-nous retenir de cette rencontre continentale? <\/p>\n<p>L&#8217;Assembl\u00e9e pl\u00e9ni\u00e8re tenue, \u00e0 Kigali, au Rwanda, a \u00e9t\u00e9 un Ka\u00efros pour l&#8217;\u00c9glise en Afrique. Elle a eu lieu en plein Jubil\u00e9 2025, centr\u00e9e sur le th\u00e8me de l&#8217;esp\u00e9rance. Alors que la r\u00e9alit\u00e9 socio-pastorale dans laquelle nous vivons en Afrique, est de plus en plus pr\u00e9occupante. Dans certaines contr\u00e9es, et dans beaucoup de parties d&#8217;Afrique, ce sont plut\u00f4t des r\u00e9alit\u00e9s de souffrance, de guerre, de calamit\u00e9, de famine, de s\u00e9cheresse, des inondations, dont la cons\u00e9quence est la souffrance de la population, avec le risque de d\u00e9couragement. Les pasteurs de toutes les \u00c9glises d&#8217;Afrique r\u00e9unis \u00e0 Kigali se sont plac\u00e9s dans la droite ligne du th\u00e8me de l&#8217;ann\u00e9e sainte, qui est l&#8217;esp\u00e9rance. Et le th\u00e8me a \u00e9t\u00e9 formul\u00e9 en tenant compte du contexte de l&#8217;Afrique. Le Christ est notre source d&#8217;esp\u00e9rance dans un contexte o\u00f9 il n&#8217;y a ni la paix, ni le bien-vivre harmonieux entre les peuples. Il y a beaucoup de conflits, de tensions, de souffrances. C\u2019est la raison pour laquelle les \u00e9v\u00eaques africains ont adapt\u00e9 ce th\u00e8me de l&#8217;esp\u00e9rance au contexte de l&#8217;Afrique en pr\u00e9sentant le Christ comme source d&#8217;esp\u00e9rance, mais aussi et surtout source de r\u00e9conciliation, de paix et du bien-vivre ensemble.<\/p>\n<p>L\u2019Afrique a besoin de se r\u00e9concilier avec elle-m\u00eame. Quelle lecture faites-vous des nombreux conflits qui la minent aujourd\u2019hui? <\/p>\n<p>En dehors de quelques pays o\u00f9 le processus d\u00e9mocratique fonctionne, o\u00f9 le bien-\u00eatre des populations est prioritaire, le constat g\u00e9n\u00e9ral aujourd\u2019hui est que la d\u00e9mocratie est en recul en Afrique. Tout comme le mieux-vivre ensemble. De plus en plus, dans nos pays africains, tout comme dans le monde entier, seule la volont\u00e9 des puissants prime. Le puissant impose sa volont\u00e9 aux plus petits. La richesse est l\u2019unique chose qui compte absolument.<br \/>On est pr\u00eat \u00e0 aller la chercher en recourant, peu importe la m\u00e9thode et le mode d\u2019acquisition. Une fois obtenue, cette richesse est utilis\u00e9e pour soi-m\u00eame, pour la famille, et les proches. Alors que la majorit\u00e9 de la population est abandonn\u00e9e \u00e0 elle-m\u00eame. C\u2019est un d\u00e9s\u00e9quilibre. Je dirais une ill\u00e9galit\u00e9, une injustice qui constitue l\u2019une des causes principales des nombreux conflits d\u2019aujourd\u2019hui en Afrique.<\/p>\n<p>Quelles sont solutions qui pourraient \u00eatre pr\u00e9conis\u00e9es? <\/p>\n<p>La situation est qu\u2019il n\u2019y a pas de solution magique \u00e0 brandir. Toutefois, je me permets d&#8217;identifier certaines causes qu&#8217;on peut consid\u00e9rer comme causes communes qui expliquent les tensions chez nous, en Afrique. L\u2019Afrique est souvent consid\u00e9r\u00e9e comme le continent le plus riche en ressources min\u00e9rales, avec des r\u00e9serves massives de cobalt, de diamants, de cuivre, de fer, de platine, et d&#8217;or. De ce fait, elle est vue comme le r\u00e9servoir de toutes les puissances mondiales qui s\u2019en servent \u00e0 leur profit. Citons l\u2019\u00e9pineuse question de la gestion des ressources naturelles en Afrique. Le continent qui regorge le plus de minerais est toujours \u00e0 la peine. L\u2019Afrique est le puit de leur minerai strat\u00e9gique pour leurs industries, qui leur permettent de dominer le monde.<br \/>Le comble, ces puissances se servent parfois de certains Africains pour acc\u00e9der \u00e0 nos minerais, \u00e0 nos ressources, seulement pour leur propre int\u00e9r\u00eat, pas pour l&#8217;int\u00e9r\u00eat de la population globale. Alors, tant que le syst\u00e8me continuera de fonctionner ainsi, nous aurons toujours la guerre. C&#8217;est le cas dans l\u2019Est de la R\u00e9publique d\u00e9mocratique du Congo. On se sert parfois de nos dirigeants pour acc\u00e9der aux ressources et les retomb\u00e9es de ces minerais restent entre les mains de ceux qui sont au pouvoir et qui traitent avec les grandes compagnies, les grandes puissances ext\u00e9rieures. Face \u00e0 de telles situations, les Africains doivent se r\u00e9veiller. En tant qu&#8217;Africains, en tant que fils et filles de ce continent, nous devons prendre conscience de notre r\u00f4le \u00e0 jouer dans la d\u00e9fense de ce dont Dieu nous a enrichis: nos ressources naturelles. Mais aussi, que nos dirigeants sortent de la logique, qui consiste \u00e0 acc\u00e9der au pouvoir pour s&#8217;enrichir, pour enrichir ceux de son parti au d\u00e9triment des autres. Il est temps qu&#8217;on con\u00e7oive en Afrique que le pouvoir est un service \u00e0 rendre aux populations.<\/p>\n<p>     <a href=\"https:\/\/www.vaticannews.va\/fr\/eglise\/news\/2025-07\/cardinal-ambomgo-nous-devons-etre-des-pasteurs-credibles-d-e.html\" title=\"Cardinal Ambongo: \u00abNous devons \u00eatre des pasteurs cr\u00e9dibles d\u2019esp\u00e9rance pour l\u2019Afrique\u00bb  \" rel=\"nofollow noopener\" target=\"_blank\"><\/p>\n<p>        <img decoding=\"async\" src=\"data:image\/gif;base64,R0lGODlhAQABAIAAAAAAAP\/\/\/yH5BAEAAAAALAAAAAABAAEAAAIBRAA7\" data-original=\"https:\/\/www.vaticannews.va\/content\/dam\/vaticannews\/multimedia\/2025\/luglio\/21\/EVEQUES-SCEAM-1.jpg\/_jcr_content\/renditions\/cq5dam.thumbnail.cropped.500.281.jpeg\" alt=\"Cardinal Ambongo: \u00abNous devons \u00eatre des pasteurs cr\u00e9dibles d\u2019esp\u00e9rance pour l\u2019Afrique\u00bb  \"\/><\/p>\n<p>      <\/a><\/p>\n<p>\n      \u00c0 Kigali, l\u2019\u00e9piscopat africain entend \u00abse d\u00e9finir une vision commune pour l\u2019avenir de l\u2019\u00c9glise en Afrique, et tracer des chemins d\u2019esp\u00e9rance, de paix et de r\u00e9conciliation pour &#8230;\n     <\/p>\n<p>L\u2019ann\u00e9e 2025 a \u00e9t\u00e9 marqu\u00e9e encore par des coups d\u2019\u00c9tats ou des tentatives de coups d\u2019\u00c9tat en Afrique. Quelle lecture faites-vous de ces coups de force? <\/p>\n<p>Ces coups d\u2019\u00c9tat d\u00e9montrent que l\u2019Afrique est loin de la d\u00e9mocratie. Ceux qui sont tent\u00e9s d\u2019en faire sont g\u00e9n\u00e9ralement ceux qui se croient frustr\u00e9s et laiss\u00e9s pour compte. Pour eux, le g\u00e2teau est mal partag\u00e9 entre une minorit\u00e9 d\u2019\u00e9lites et la majorit\u00e9 est laiss\u00e9e pour compte.<br \/>Ainsi, ceux qui n&#8217;ont pas acc\u00e8s au g\u00e2teau sont tent\u00e9s de s&#8217;organiser pour acc\u00e9der \u00e0 la table. Tant que le syst\u00e8me, la redistribution des richesses au niveau du continent africain se fera dans l\u2019ill\u00e9galit\u00e9 sans cr\u00e9er des conditions de vie potable pour nos populations, il y aura toujours des coups d&#8217;\u00c9tat. Pour \u00e9viter cela, nous devons revenir \u00e0 un syst\u00e8me de redistribution \u00e9quitable des richesses de notre continent. Nous devons promouvoir l&#8217;exercice d&#8217;un pouvoir qui veille sur le droit de tous de fa\u00e7on \u00e9quitable, et juste. Nous devons comprendre que le coup d&#8217;\u00c9tat signifie tout simplement qu\u2019au sein de beaucoup de pays en Afrique, l&#8217;exercice du pouvoir ne fonctionne pas. Il est loin des principes de la d\u00e9mocratie.<\/p>\n<p>De plus en plus nous assistons \u00e0 des enl\u00e8vements de chr\u00e9tiens suivis parfois de leur assassinat un peu partout en Afrique: le Nigeria, la R\u00e9publique d\u00e9mocratique du Congo tout comme le Cameroun en souffrent, comment interpr\u00e9tez-vous cette violence? <\/p>\n<p>C&#8217;est d&#8217;abord une inqui\u00e9tude quant \u00e0 la mont\u00e9e du djihadisme islamiste sur le continent africain. Il est vrai que la plupart des victimes ne sont pas que des chr\u00e9tiens. Il y a des musulmans qui en font partie. Mais il y a tout de m\u00eame une tendance actuelle qui vise les chr\u00e9tiens. C\u2019est malheureusement ce que nous avons v\u00e9cu, dans le dioc\u00e8se de Bunia, en R\u00e9publique d\u00e9mocratique du Congo o\u00f9 des djihadistes ont tu\u00e9 des chr\u00e9tiens en pleine pri\u00e8re. C&#8217;est ce qui arrive r\u00e9guli\u00e8rement au Nigeria. Au regard de cette violence gratuite, j\u2019estime qu\u2019il faut alerter la conscience du monde entier pour que ce ph\u00e9nom\u00e8ne soit combattu \u00e0 la base. Si rien n\u2019est fait, je crains que cette grande ins\u00e9curit\u00e9 pousse les chr\u00e9tiens dans des retranchements o\u00f9 ils pourraient regarder les autres, nos fr\u00e8res musulmans, comme des ennemis.\u00a0<\/p>\n<p>     <a href=\"https:\/\/www.vaticannews.va\/fr\/eglise\/news\/2025-12\/rapport-2025-agence-fides-missionnaires-tues-17-morts.html\" title=\"17 missionnaires tu\u00e9s en 2025 selon le rapport de l\u2019agence Fides\" rel=\"nofollow noopener\" target=\"_blank\"><\/p>\n<p>        <img decoding=\"async\" src=\"data:image\/gif;base64,R0lGODlhAQABAIAAAAAAAP\/\/\/yH5BAEAAAAALAAAAAABAAEAAAIBRAA7\" data-original=\"https:\/\/www.vaticannews.va\/content\/dam\/vaticannews\/multimedia\/2025\/marzo\/06\/Fr-Sylvester-Okechukwu.jpg\/_jcr_content\/renditions\/cq5dam.thumbnail.cropped.500.281.jpeg\" alt=\"17 missionnaires tu\u00e9s en 2025 selon le rapport de l\u2019agence Fides\"\/><\/p>\n<p>      <\/a><\/p>\n<p>\n      17 missionnaires, pr\u00eatres, religieuses, s\u00e9minaristes ou la\u00efcs ont \u00e9t\u00e9 tu\u00e9s au cours de l\u2019ann\u00e9e 2025. C\u2019est ce que rapporte l\u2019agence Fides ce mardi dans son rapport annuel. La &#8230;\n     <\/p>\n<p>\u00c9minence, au terme de cet entretien quel est votre mot de fin? <\/p>\n<p>Malgr\u00e9 les nombreuses difficult\u00e9s que connait notre continent en plus des d\u00e9fis \u00e0 relever, je voudrais exhorter tous fils et filles de notre m\u00e8re Afrique \u00e0 ne jamais d\u00e9sesp\u00e9rer, \u00e0 ne pas jeter l&#8217;\u00e9ponge, mais au contraire \u00e0 continuer \u00e0 croire \u00e0 notre capacit\u00e9 d&#8217;orienter notre avenir commun dans la bonne direction, celle recommand\u00e9e par le Seigneur. Nous devons nous assurer que nous pouvons changer le cours de l&#8217;histoire de notre continent par notre propre engagement. Gardons espoir et pers\u00e9v\u00e9rons dans l\u2019esp\u00e9rance; l&#8217;avenir de ce continent d\u00e9pend de vous, et de nous. Bonne heureuse et sainte ann\u00e9e 2026 \u00e0 tous et \u00e0 toutes.<\/p>\n<p>\u00a0<\/p>\n","protected":false},"excerpt":{"rendered":"Revenant sur des \u00e9v\u00e8nements qui ont marqu\u00e9 la vie de l\u2019\u00c9glise universelle en 2025 et \u00e0 l\u2019actualit\u00e9 sociale&hellip;\n","protected":false},"author":2,"featured_media":1466,"comment_status":"","ping_status":"","sticky":false,"template":"","format":"standard","meta":{"footnotes":""},"categories":[62],"tags":[64,1623,1622,1624,1621,1625],"class_list":{"0":"post-1465","1":"post","2":"type-post","3":"status-publish","4":"format-standard","5":"has-post-thumbnail","7":"category-afrique","8":"tag-afrique","9":"tag-conference-episcopale","10":"tag-eglise-catholique","11":"tag-paix","12":"tag-pape-francois","13":"tag-pape-leon-xiv"},"share_on_mastodon":{"url":"","error":""},"_links":{"self":[{"href":"https:\/\/www.europesays.com\/africa\/wp-json\/wp\/v2\/posts\/1465","targetHints":{"allow":["GET"]}}],"collection":[{"href":"https:\/\/www.europesays.com\/africa\/wp-json\/wp\/v2\/posts"}],"about":[{"href":"https:\/\/www.europesays.com\/africa\/wp-json\/wp\/v2\/types\/post"}],"author":[{"embeddable":true,"href":"https:\/\/www.europesays.com\/africa\/wp-json\/wp\/v2\/users\/2"}],"replies":[{"embeddable":true,"href":"https:\/\/www.europesays.com\/africa\/wp-json\/wp\/v2\/comments?post=1465"}],"version-history":[{"count":0,"href":"https:\/\/www.europesays.com\/africa\/wp-json\/wp\/v2\/posts\/1465\/revisions"}],"wp:featuredmedia":[{"embeddable":true,"href":"https:\/\/www.europesays.com\/africa\/wp-json\/wp\/v2\/media\/1466"}],"wp:attachment":[{"href":"https:\/\/www.europesays.com\/africa\/wp-json\/wp\/v2\/media?parent=1465"}],"wp:term":[{"taxonomy":"category","embeddable":true,"href":"https:\/\/www.europesays.com\/africa\/wp-json\/wp\/v2\/categories?post=1465"},{"taxonomy":"post_tag","embeddable":true,"href":"https:\/\/www.europesays.com\/africa\/wp-json\/wp\/v2\/tags?post=1465"}],"curies":[{"name":"wp","href":"https:\/\/api.w.org\/{rel}","templated":true}]}}