{"id":14654,"date":"2026-01-10T06:19:08","date_gmt":"2026-01-10T06:19:08","guid":{"rendered":"https:\/\/www.europesays.com\/africa\/14654\/"},"modified":"2026-01-10T06:19:08","modified_gmt":"2026-01-10T06:19:08","slug":"a-quelle-heure-et-sur-quelle-chaine-suivre-le-match-des-quarts-de-finale-de-la-can-2025","status":"publish","type":"post","link":"https:\/\/www.europesays.com\/africa\/14654\/","title":{"rendered":"\u00e0 quelle heure et sur quelle cha\u00eene suivre le match des quarts de finale de la CAN 2025?"},"content":{"rendered":"<p>Troisi\u00e8me match des quarts de finale de cette Coupe d&#8217;Afrique des nations ce samedi: l&#8217;Alg\u00e9rie affronte le Nigeria. Voici \u00e0 quelle heure et sur quelle cha\u00eene suivre ce choc du continent, pour une place dans le dernier carr\u00e9 de la comp\u00e9tition.<\/p>\n<p>En jeu: une place pour le dernier carr\u00e9 de la <a href=\"https:\/\/rmcsport.bfmtv.com\/football\/coupe-d-afrique-des-nations\/avec-ce-mahrez-tu-joues-a-cloche-pied-faut-il-releguer-la-star-de-l-algerie-sur-le-banc-pour-le-quart-de-finale-de-la-can-2025_AV-202601070682.html\" title=\"&quot;Avec ce Mahrez, tu joues \u00e0 cloche-pied&quot;: faut-il rel\u00e9guer la star de l&#039;Alg\u00e9rie sur le banc pour le quart de finale de la CAN 2025?\" class=\"internal_link\" rel=\"nofollow noopener\" target=\"_blank\">Coupe d&#8217;Afrique des nations<\/a>. L&#8217;Alg\u00e9rie, apr\u00e8s son sans-faute en phase de poules, a d\u00e9croch\u00e9 son billet pour les quarts de finale de la CAN 2025 apr\u00e8s un sc\u00e9nario dingue face \u00e0 la R\u00e9publique D\u00e9mocratique du Congo (1-0 en prolongation). Les fennecs ont rendez-vous avec le Nigeria en quart.<\/p>\n<p>&gt;&gt;&gt; suivez le match Alg\u00e9rie-Nigeria dans notre direct comment\u00e9 sur RMC Sport<\/p>\n<p>Des Nig\u00e9rians faciles vainqueurs du Mozambique (4-0) et parmi les \u00e9quipes les plus impressionnantes depuis le d\u00e9but du tournoi, sont en proie \u00e0 de <a href=\"https:\/\/rmcsport.bfmtv.com\/football\/coupe-d-afrique-des-nations\/can-2025-les-joueurs-du-nigeria-menacent-de-ne-pas-aller-a-marrakech-pour-le-quart-contre-l-algerie-a-cause-d-un-probleme-de-primes_AV-202601070951.html\" title=\"CAN 2025: les joueurs du Nigeria menacent de ne pas aller \u00e0 Marrakech pour le quart contre l&#039;Alg\u00e9rie \u00e0 cause d&#039;un probl\u00e8me de primes\" class=\"internal_link\" rel=\"nofollow noopener\" target=\"_blank\">grosses tensions en interne<\/a> concernant un probl\u00e8me de primes.<\/p>\n<p>&gt;&gt;&gt; <a href=\"https:\/\/rmcsport.bfmtv.com\/football\/coupe-d-afrique-des-nations\/\" target=\"_blank\" class=\"external_link\" rel=\"nofollow noopener\">suivez toute l&#8217;actualit\u00e9 de la CAN 2025 sur RMC Sport<\/a><\/p>\n<p>A quelle heure suivre le match Alg\u00e9rie-Nigeria<\/p>\n<p>Le choc entre l&#8217;Alg\u00e9rie et le Nigeria, troisi\u00e8me et avant-derni\u00e8re affiche des quarts de finale de la Coupe d&#8217;Afrique des nations, d\u00e9butera \u00e0 17h ce samedi 10 janvier. Le match se joue \u00e0 Marrakech.<\/p>\n<p>Sur quelle cha\u00eene suivre le match Alg\u00e9rie-Nigeria<\/p>\n<p>Le match Alg\u00e9rie-Nigeria, comme l&#8217;ensemble de la Coupe d&#8217;Afrique des nations, sera diffus\u00e9 sur les antennes de beIn Sports. Vous pourrez \u00e9galement suivre la rencontre en int\u00e9gralit\u00e9 gr\u00e2ce au direct comment\u00e9 de RMC Sport.<\/p>\n","protected":false},"excerpt":{"rendered":"Troisi\u00e8me match des quarts de finale de cette Coupe d&#8217;Afrique des nations ce samedi: l&#8217;Alg\u00e9rie affronte le Nigeria.&hellip;\n","protected":false},"author":2,"featured_media":14655,"comment_status":"","ping_status":"","sticky":false,"template":"","format":"standard","meta":{"footnotes":""},"categories":[254],"tags":[255],"class_list":{"0":"post-14654","1":"post","2":"type-post","3":"status-publish","4":"format-standard","5":"has-post-thumbnail","7":"category-algerie","8":"tag-algerie"},"share_on_mastodon":{"url":"","error":""},"_links":{"self":[{"href":"https:\/\/www.europesays.com\/africa\/wp-json\/wp\/v2\/posts\/14654","targetHints":{"allow":["GET"]}}],"collection":[{"href":"https:\/\/www.europesays.com\/africa\/wp-json\/wp\/v2\/posts"}],"about":[{"href":"https:\/\/www.europesays.com\/africa\/wp-json\/wp\/v2\/types\/post"}],"author":[{"embeddable":true,"href":"https:\/\/www.europesays.com\/africa\/wp-json\/wp\/v2\/users\/2"}],"replies":[{"embeddable":true,"href":"https:\/\/www.europesays.com\/africa\/wp-json\/wp\/v2\/comments?post=14654"}],"version-history":[{"count":0,"href":"https:\/\/www.europesays.com\/africa\/wp-json\/wp\/v2\/posts\/14654\/revisions"}],"wp:featuredmedia":[{"embeddable":true,"href":"https:\/\/www.europesays.com\/africa\/wp-json\/wp\/v2\/media\/14655"}],"wp:attachment":[{"href":"https:\/\/www.europesays.com\/africa\/wp-json\/wp\/v2\/media?parent=14654"}],"wp:term":[{"taxonomy":"category","embeddable":true,"href":"https:\/\/www.europesays.com\/africa\/wp-json\/wp\/v2\/categories?post=14654"},{"taxonomy":"post_tag","embeddable":true,"href":"https:\/\/www.europesays.com\/africa\/wp-json\/wp\/v2\/tags?post=14654"}],"curies":[{"name":"wp","href":"https:\/\/api.w.org\/{rel}","templated":true}]}}