{"id":14656,"date":"2026-01-10T06:20:17","date_gmt":"2026-01-10T06:20:17","guid":{"rendered":"https:\/\/www.europesays.com\/africa\/14656\/"},"modified":"2026-01-10T06:20:17","modified_gmt":"2026-01-10T06:20:17","slug":"can-2025-le-senegal-rejoint-le-dernier-carre-sans-forcer-face-au-mali","status":"publish","type":"post","link":"https:\/\/www.europesays.com\/africa\/14656\/","title":{"rendered":"CAN 2025 : le S\u00e9n\u00e9gal rejoint le dernier carr\u00e9 sans forcer face au Mali"},"content":{"rendered":"<p>Pas de surprise dans ce premier quart de finale de la <a target=\"_self\" href=\"https:\/\/www.france24.com\/fr\/tag\/can-2025\/\" class=\"gtm-add-suggested-tag\" rel=\"nofollow noopener\">CAN 2025<\/a>. Le parcours &#8220;au courage&#8221; des Maliens dans la comp\u00e9tition s&#8217;arr\u00eate aux portes des demi-finales, stopp\u00e9 par des S\u00e9n\u00e9galais imp\u00e9riaux. Les Lions de la Teranga se sont impos\u00e9s sans trop de difficult\u00e9s, vendredi 9 janvier <a target=\"_self\" href=\"https:\/\/www.france24.com\/fr\/afrique\/20250911-can-2025-stades-maroc\" rel=\"nofollow noopener\">au Grand Stade de Tanger.<\/a><\/p>\n<p class=\"a-read-more\">\u00c0 lire aussi<a target=\"_self\" href=\"https:\/\/www.france24.com\/fr\/sports\/20260109-can-2025-senegal-mali-quarts-finale-choc-freres\" class=\"a-read-more__link\" rel=\"nofollow noopener\">CAN 2025 : S\u00e9n\u00e9gal &#8211; Mali, un choc entre deux pays fr\u00e8res qui ont failli former une seule nation<\/a><\/p>\n<p>D&#8217;embl\u00e9e, le <a target=\"_self\" href=\"https:\/\/www.france24.com\/fr\/tag\/s\u00e9n\u00e9gal\/\" class=\"gtm-add-suggested-tag\" rel=\"nofollow noopener\">S\u00e9n\u00e9gal<\/a> montre ses intentions dans ce derby ouest-africain, en prenant le jeu \u00e0 son compte, sans toutefois se montrer tr\u00e8s dangereux. Pape Gueye s&#8217;essaye \u00e0 une frappe lointaine, \u00e0 c\u00f4t\u00e9 (9e), puis une autre un peu plus tard, d\u00e9vi\u00e9e par un co\u00e9quipier (20e).<\/p>\n<p> Ndiaye ouvre le score <\/p>\n<p>Le <a target=\"_self\" href=\"https:\/\/www.france24.com\/fr\/tag\/mali\/\" class=\"gtm-add-suggested-tag\" rel=\"nofollow noopener\">Mali<\/a> fait le dos rond, avec un bloc tr\u00e8s bas et de rares tentatives de contres. Mais cette strat\u00e9gie, qui lui a permis d&#8217;arriver en quarts sans remporter un seul match dans le jeu, cette fois ne tient plus. Sur un centre de la droite de Diatta,\u00a0Djigui Diarra plonge mais se loupe compl\u00e8tement, et Iliman Ndiaye, \u00e0 l&#8217;aff\u00fbt, n&#8217;a plus qu&#8217;\u00e0 ouvrir le score (1-0, 29e).<\/p>\n<p>Pape Gueye est tout pr\u00e8s de doubler la mise, encore une fois sur une frappe lointaine, mais \u00e7a fr\u00f4le le poteau (32e). Quelques minutes plus tard,\u00a0Man\u00e9 se charge d&#8217;un coup franc qui atterrit directement sur Djigui Diarra. Le gardien malien capte en deux temps mais n&#8217;affiche pas beaucoup de s\u00e9r\u00e9nit\u00e9 dans ce match (39e).<\/p>\n<p> Les Aigles r\u00e9duits \u00e0 10 <\/p>\n<p>Alors que la mi-temps approche, le match s&#8217;emballe un peu. Diarra doit s&#8217;employer pour prot\u00e9ger son but des assauts s\u00e9n\u00e9galais, alors que les Aigles multiplient les fautes. Et fort logiquement, Bissouma est exclu apr\u00e8s un deuxi\u00e8me carton jaune obtenu pour un tacle en retard sur Idrissa Gueye (45e + 3).<\/p>\n<p>\u00c0 dix, la t\u00e2che s&#8217;annonce quasi impossible pour les Aigles, qui parviennent tout de m\u00eame \u00e0 se cr\u00e9er quelques occasions au retour des vestiaires. Mendy r\u00e9alise une belle intervention sur la frappe de\u00a0Sinayoko Coulibaly, (47e).<\/p>\n<p>Mais c&#8217;est surtout le Malien Djigui Diarra qui s&#8217;illustre dans cette rencontre, apr\u00e8s sa boulette sur l&#8217;ouverture du score s\u00e9n\u00e9galaise. Il repousse notamment une patate d&#8217;Idrissa Gueye (48e), puis une autre de Man\u00e9 (66e).<\/p>\n<p>Entre-temps, le Mali perd un nouveau joueur, puisque Haidara qui se plaint de l&#8217;\u00e9paule depuis 30 minutes finit par sortir, remplac\u00e9 par l&#8217;attaquant Nene Dorgeles (55e). Tom Saintfiet joue son va-tout offensif.<\/p>\n<p>Mais cela ne suffit pas, et les quelques tentatives maliennes ne font pas le poids face \u00e0 des Lions de la Teranga bien en place. Malgr\u00e9 leur domination, les S\u00e9n\u00e9galais ne parviennent pas \u00e0 alourdir le score dans une fin de match d\u00e9brid\u00e9e et doivent se contenter d&#8217;un petit but d&#8217;avance.\u00a0<\/p>\n<p>Il faudra peut-\u00eatre gagner en efficacit\u00e9 pour la demi-finale, mercredi contre la <a target=\"_self\" href=\"https:\/\/www.france24.com\/fr\/tag\/c\u00f4te-d-ivoire\/\" class=\"gtm-add-suggested-tag\" rel=\"nofollow noopener\">C\u00f4te d&#8217;Ivoire<\/a> ou l&#8217;<a target=\"_self\" href=\"https:\/\/www.france24.com\/fr\/tag\/\u00e9gypte\/\" class=\"gtm-add-suggested-tag\" rel=\"nofollow noopener\">\u00c9gypte<\/a>.<\/p>\n","protected":false},"excerpt":{"rendered":"Pas de surprise dans ce premier quart de finale de la CAN 2025. Le parcours &#8220;au courage&#8221; des&hellip;\n","protected":false},"author":2,"featured_media":14657,"comment_status":"","ping_status":"","sticky":false,"template":"","format":"standard","meta":{"footnotes":""},"categories":[48],"tags":[179,311,965,1726,1536,159,264],"class_list":{"0":"post-14656","1":"post","2":"type-post","3":"status-publish","4":"format-standard","5":"has-post-thumbnail","7":"category-senegal","8":"tag-can-2025","9":"tag-football","10":"tag-mali","11":"tag-resumes-can-2025","12":"tag-sadio-mane","13":"tag-senegal","14":"tag-sports"},"share_on_mastodon":{"url":"","error":""},"_links":{"self":[{"href":"https:\/\/www.europesays.com\/africa\/wp-json\/wp\/v2\/posts\/14656","targetHints":{"allow":["GET"]}}],"collection":[{"href":"https:\/\/www.europesays.com\/africa\/wp-json\/wp\/v2\/posts"}],"about":[{"href":"https:\/\/www.europesays.com\/africa\/wp-json\/wp\/v2\/types\/post"}],"author":[{"embeddable":true,"href":"https:\/\/www.europesays.com\/africa\/wp-json\/wp\/v2\/users\/2"}],"replies":[{"embeddable":true,"href":"https:\/\/www.europesays.com\/africa\/wp-json\/wp\/v2\/comments?post=14656"}],"version-history":[{"count":0,"href":"https:\/\/www.europesays.com\/africa\/wp-json\/wp\/v2\/posts\/14656\/revisions"}],"wp:featuredmedia":[{"embeddable":true,"href":"https:\/\/www.europesays.com\/africa\/wp-json\/wp\/v2\/media\/14657"}],"wp:attachment":[{"href":"https:\/\/www.europesays.com\/africa\/wp-json\/wp\/v2\/media?parent=14656"}],"wp:term":[{"taxonomy":"category","embeddable":true,"href":"https:\/\/www.europesays.com\/africa\/wp-json\/wp\/v2\/categories?post=14656"},{"taxonomy":"post_tag","embeddable":true,"href":"https:\/\/www.europesays.com\/africa\/wp-json\/wp\/v2\/tags?post=14656"}],"curies":[{"name":"wp","href":"https:\/\/api.w.org\/{rel}","templated":true}]}}