{"id":14673,"date":"2026-01-10T06:33:07","date_gmt":"2026-01-10T06:33:07","guid":{"rendered":"https:\/\/www.europesays.com\/africa\/14673\/"},"modified":"2026-01-10T06:33:07","modified_gmt":"2026-01-10T06:33:07","slug":"le-lou-rugby-defie-les-lions-en-afrique-du-sud","status":"publish","type":"post","link":"https:\/\/www.europesays.com\/africa\/14673\/","title":{"rendered":"Le LOU Rugby d\u00e9fie les Lions en Afrique du Sud"},"content":{"rendered":"<p itemprop=\"description\">Le LOU Rugby a mis le cap sur l\u2019Afrique du Sud en ce d\u00e9but d\u2019ann\u00e9e.<\/p>\n<p>Apr\u00e8s leur victoire d\u00e9croch\u00e9e face \u00e0 Pau en TOP 14 le week-end dernier, les rugbymen lyonnais s\u2019appr\u00eatent \u00e0 d\u00e9fier les Emirates Lions, ce samedi, \u00e0 Johannesburg, dans le cadre de la 3e journ\u00e9e de Challenge Cup. Un choc de bas de tableau entre des Sud-Africains derniers de la poule, juste derri\u00e8re le LOU Rugby.<\/p>\n<p>L\u2019enjeu reste majeur pour les hommes de Karim Ghezal qui peuvent lancer une dynamique positive \u00e0 des milliers de kilom\u00e8tres de Lyon.<\/p>\n<p>Pour cette rencontre, le coach lyonnais sera priv\u00e9 de L\u00e9o Berdeu, bless\u00e9. Mais il pourra notamment compter sur Micka\u00ebl Guillard, F\u00e9lix Lambey ou encore Baptiste Couilloud.<\/p>\n<p>Coup d\u2019envoi du match \u00e0 16h15 heure fran\u00e7aise.<\/p>\n","protected":false},"excerpt":{"rendered":"Le LOU Rugby a mis le cap sur l\u2019Afrique du Sud en ce d\u00e9but d\u2019ann\u00e9e. Apr\u00e8s leur victoire&hellip;\n","protected":false},"author":2,"featured_media":14674,"comment_status":"","ping_status":"","sticky":false,"template":"","format":"standard","meta":{"footnotes":""},"categories":[62],"tags":[2272,554,64,645,6193,2277,557,2276,6190,1601,2273,2275,2274,1487,6189,1385,248,6191,310,6192],"class_list":{"0":"post-14673","1":"post","2":"type-post","3":"status-publish","4":"format-standard","5":"has-post-thumbnail","7":"category-afrique","8":"tag-actu","9":"tag-actualites","10":"tag-afrique","11":"tag-article","12":"tag-asvel","13":"tag-breves","14":"tag-culture","15":"tag-depeches","16":"tag-economique","17":"tag-faits-divers","18":"tag-info","19":"tag-informations","20":"tag-infos","21":"tag-lyon","22":"tag-lyonmag","23":"tag-ol","24":"tag-politique","25":"tag-sociale","26":"tag-sport","27":"tag-transports"},"share_on_mastodon":{"url":"","error":""},"_links":{"self":[{"href":"https:\/\/www.europesays.com\/africa\/wp-json\/wp\/v2\/posts\/14673","targetHints":{"allow":["GET"]}}],"collection":[{"href":"https:\/\/www.europesays.com\/africa\/wp-json\/wp\/v2\/posts"}],"about":[{"href":"https:\/\/www.europesays.com\/africa\/wp-json\/wp\/v2\/types\/post"}],"author":[{"embeddable":true,"href":"https:\/\/www.europesays.com\/africa\/wp-json\/wp\/v2\/users\/2"}],"replies":[{"embeddable":true,"href":"https:\/\/www.europesays.com\/africa\/wp-json\/wp\/v2\/comments?post=14673"}],"version-history":[{"count":0,"href":"https:\/\/www.europesays.com\/africa\/wp-json\/wp\/v2\/posts\/14673\/revisions"}],"wp:featuredmedia":[{"embeddable":true,"href":"https:\/\/www.europesays.com\/africa\/wp-json\/wp\/v2\/media\/14674"}],"wp:attachment":[{"href":"https:\/\/www.europesays.com\/africa\/wp-json\/wp\/v2\/media?parent=14673"}],"wp:term":[{"taxonomy":"category","embeddable":true,"href":"https:\/\/www.europesays.com\/africa\/wp-json\/wp\/v2\/categories?post=14673"},{"taxonomy":"post_tag","embeddable":true,"href":"https:\/\/www.europesays.com\/africa\/wp-json\/wp\/v2\/tags?post=14673"}],"curies":[{"name":"wp","href":"https:\/\/api.w.org\/{rel}","templated":true}]}}