{"id":14714,"date":"2026-01-10T07:01:26","date_gmt":"2026-01-10T07:01:26","guid":{"rendered":"https:\/\/www.europesays.com\/africa\/14714\/"},"modified":"2026-01-10T07:01:26","modified_gmt":"2026-01-10T07:01:26","slug":"le-jour-ou-le-maroc-a-remporte-sa-premiere-coupe-dafrique-des-nations","status":"publish","type":"post","link":"https:\/\/www.europesays.com\/africa\/14714\/","title":{"rendered":"Le jour o\u00f9 le Maroc a remport\u00e9 sa premi\u00e8re Coupe d&#8217;Afrique des Nations"},"content":{"rendered":"<p>Le 14 juin 1976, en \u00c9thiopie, les Lions de l\u2019Atlas ont \u00e9crit la plus belle page de leur histoire en d\u00e9crochant, au bout du suspense, leur premier titre continental. Retour sur cette 10e \u00e9dition <\/p>\n<p>        Publi\u00e9 le 08\/01\/2026  \u00e0 21h00<\/p>\n<p>En 1976, l\u2019\u00c9thiopie accueille la 10e <a href=\"https:\/\/www.ouest-france.fr\/sport\/football\/coupe-d-afrique-des-nations\/\" target=\"_blank\" rel=\"noopener noreferrer nofollow\">Coupe d\u2019Afrique des nations<\/a>. Le Maroc s\u2019y pr\u00e9sente apr\u00e8s avoir valid\u00e9 son billet en dominant le Ghana en match aller-retour. Pour les Lions de l\u2019Atlas, il s\u2019agit seulement de la deuxi\u00e8me participation \u00e0 une CAN, quatre ans apr\u00e8s leur premi\u00e8re apparition en 1972. Mais cette g\u00e9n\u00e9ration, guid\u00e9e par le s\u00e9lectionneur roumain Gheorghe M\u0103rd\u0103rescu, va marquer l\u2019histoire.\u00a0<\/p>\n<p>Lire aussi :\u00a0<a href=\"https:\/\/www.ouest-france.fr\/sport\/football\/coupe-d-afrique-des-nations\/can-critique-pour-la-qualite-du-jeu-du-maroc-walid-regragui-prend-france-98-comme-exemple-79404b08-ea02-11f0-9b78-7c77e15311d5\" target=\"_blank\" rel=\"noopener noreferrer nofollow\">CAN. Critiqu\u00e9 pour la qualit\u00e9 du jeu du Maroc, Walid Regragui prend France 98\u00a0comme exemple<\/a><\/p>\n<p>Phase de poules presque parfaite, phase finale bien g\u00e9r\u00e9e,\u00a0frappe salvatrice en pleine lucarne lors de la finale\u2026 Retour sur l&#8217;exploit des Lions de l&#8217;Atlas \u00e0 la CAN 1976.\u00a0<\/p>\n<p>        Voir plus<br \/>\n        Voir moins<\/p>\n","protected":false},"excerpt":{"rendered":"Le 14 juin 1976, en \u00c9thiopie, les Lions de l\u2019Atlas ont \u00e9crit la plus belle page de leur&hellip;\n","protected":false},"author":2,"featured_media":14715,"comment_status":"","ping_status":"","sticky":false,"template":"","format":"standard","meta":{"footnotes":""},"categories":[62],"tags":[4057,64,940,3254,4165,311,158,310],"class_list":{"0":"post-14714","1":"post","2":"type-post","3":"status-publish","4":"format-standard","5":"has-post-thumbnail","7":"category-afrique","8":"tag-actualite-en-continu","9":"tag-afrique","10":"tag-coupe-dafrique-des-nations","11":"tag-equipe-du-maroc-de-football","12":"tag-equipe-tanzanie-football","13":"tag-football","14":"tag-maroc","15":"tag-sport"},"share_on_mastodon":{"url":"","error":""},"_links":{"self":[{"href":"https:\/\/www.europesays.com\/africa\/wp-json\/wp\/v2\/posts\/14714","targetHints":{"allow":["GET"]}}],"collection":[{"href":"https:\/\/www.europesays.com\/africa\/wp-json\/wp\/v2\/posts"}],"about":[{"href":"https:\/\/www.europesays.com\/africa\/wp-json\/wp\/v2\/types\/post"}],"author":[{"embeddable":true,"href":"https:\/\/www.europesays.com\/africa\/wp-json\/wp\/v2\/users\/2"}],"replies":[{"embeddable":true,"href":"https:\/\/www.europesays.com\/africa\/wp-json\/wp\/v2\/comments?post=14714"}],"version-history":[{"count":0,"href":"https:\/\/www.europesays.com\/africa\/wp-json\/wp\/v2\/posts\/14714\/revisions"}],"wp:featuredmedia":[{"embeddable":true,"href":"https:\/\/www.europesays.com\/africa\/wp-json\/wp\/v2\/media\/14715"}],"wp:attachment":[{"href":"https:\/\/www.europesays.com\/africa\/wp-json\/wp\/v2\/media?parent=14714"}],"wp:term":[{"taxonomy":"category","embeddable":true,"href":"https:\/\/www.europesays.com\/africa\/wp-json\/wp\/v2\/categories?post=14714"},{"taxonomy":"post_tag","embeddable":true,"href":"https:\/\/www.europesays.com\/africa\/wp-json\/wp\/v2\/tags?post=14714"}],"curies":[{"name":"wp","href":"https:\/\/api.w.org\/{rel}","templated":true}]}}