{"id":1473,"date":"2026-01-03T23:58:06","date_gmt":"2026-01-03T23:58:06","guid":{"rendered":"https:\/\/www.europesays.com\/africa\/1473\/"},"modified":"2026-01-03T23:58:06","modified_gmt":"2026-01-03T23:58:06","slug":"au-maroc-lassociation-casamemoire-retrace-lhistoire-sportive-de-casablanca-reportage-afrique","status":"publish","type":"post","link":"https:\/\/www.europesays.com\/africa\/1473\/","title":{"rendered":"Au Maroc, l&#8217;association Casam\u00e9moire retrace l&#8217;histoire sportive de Casablanca &#8211; Reportage Afrique"},"content":{"rendered":"<p>\n                                                Au Maroc, l\u2019association Casam\u00e9moire profite de la CAN pour organiser un mois de manifestations culturelles qui retracent l\u2019histoire sportive de Casablanca. Exposition, conf\u00e9rences, projections, visites guid\u00e9es : l&#8217;association qui d\u00e9fend le patrimoine architectural de la ville a d\u00e9cid\u00e9 de mettre en lumi\u00e8re ces lieux qui font partie de la m\u00e9moire collective des habitants. Un programme riche qui s\u2019\u00e9tend du 15 d\u00e9cembre 2025 au 15 janvier 2026.                    <\/p>\n<p>Casablanca, c\u2019est d\u2019abord le foot. \u00ab\u00a0Le sport \u00e0 Casablanca s&#8217;incarne physiquement dans les rues, notamment par ce derby casablancais du Wydad et du Raja qui a tendance \u00e0 colorer certains quartiers : il y a des quartiers rouges et il y a des quartiers verts. Il faut attention \u00e0 comment on s&#8217;habille, notamment les lendemains de match. Lors des derbys casablancais, toute la ville de Casablanca retient sa respiration. C&#8217;est d&#8217;autant plus le cas pour ceux qui vivent aux alentours du stade\u00a0\u00bb, explique Mahja Na\u00eft Barka, secr\u00e9taire g\u00e9n\u00e9rale de Casam\u00e9moire.<\/p>\n<p>Le stade Mohammed V est \u00ab\u00a0le temple du foot\u00a0\u00bb marocain dont l\u2019un des premiers clich\u00e9s datant de 1955 s\u2019affiche sur le mur de l\u2019American Art Center. C\u2019est ici que Casam\u00e9moire a install\u00e9 son exposition sur le patrimoine sportif de Casablanca.\u00a0Ces infrastructures ont contribu\u00e9 \u00e0 fa\u00e7onner le visage de la ville. \u00ab\u00a0Ces lieux sont aussi des rep\u00e8res. Quand on se d\u00e9place, par exemple en taxi, ils agr\u00e8gent une certaine identit\u00e9 de quartier. Cela a quasiment une dimension, peut-\u00eatre pas spirituelle, mais beaucoup plus \u00e9sot\u00e9rique que quatre murs et un terrain d&#8217;athl\u00e9tisme\u00a0\u00bb, estime la secr\u00e9taire g\u00e9n\u00e9rale de l&#8217;association.<\/p>\n<p>\u00c0 quelques rues de l\u00e0 se trouve l\u2019un de ces lieux embl\u00e9matiques du <a href=\"https:\/\/www.rfi.fr\/fr\/tag\/maroc\/\" target=\"_self\" rel=\"nofollow noopener\">Maroc<\/a> : \u00ab\u00a0On se trouve \u00e0 la porte du stade d&#8217;athl\u00e9tisme la Casablancaise, qui a un petit c\u00f4t\u00e9 surann\u00e9 avec son b\u00e2timent, sa typographie &#8220;\u00c9ducation physique&#8221; sur son fronton\u00a0\u00bb, d\u00e9crit-elle. Une piste d\u2019athl\u00e9tisme fait face \u00e0 un b\u00e2timent aux lignes \u00e9pur\u00e9es, mais massif, presque grandiloquent. La Casablancaise a \u00e9t\u00e9 construite entre 1936 et 1939, sous le protectorat fran\u00e7ais.<\/p>\n<p>\u00ab La Casablancaise\u00a0a ouvert ses portes aux athl\u00e8tes marocains \u00e0 partir des ann\u00e9es 1960. Auparavant, c&#8217;\u00e9tait un espace qui \u00e9tait principalement r\u00e9serv\u00e9 aux athl\u00e8tes fran\u00e7ais. Ces lieux sont sortis de terre de la main et de l&#8217;esprit des architectes fran\u00e7ais au Maroc. Mais les Fran\u00e7ais ne sont pas repartis avec. Quand le protectorat s&#8217;est achev\u00e9, ils sont rest\u00e9s \u00e0 Casablanca et ont v\u00e9cu une autre vie. Les Casablancais se les sont r\u00e9appropri\u00e9s, les ont r\u00e9investis. Parfois m\u00eame, plusieurs d\u00e9cennies apr\u00e8s, des architectes marocains s&#8217;en sont saisis \u00bb, raconte\u00a0Mahja Na\u00eft Barka. C\u2019est le cas de la Casablancaise, r\u00e9habilit\u00e9e et transform\u00e9e par les architectes Nisrine Loubaris et Youssouf Bekkali.<\/p>\n<p class=\"a-read-more\">\u00c0 lire aussi<a href=\"https:\/\/www.rfi.fr\/fr\/afrique-foot\/20260102-infrastructures-organisation-ambiance-le-maroc-r\u00e9ussit-il-le-pari-de-la-can-du-si\u00e8cle\" target=\"_self\" class=\"a-read-more__link\" rel=\"nofollow noopener\">Infrastructures, organisation, ambiance: le Maroc r\u00e9ussit-il le pari de la \u00ab CAN du si\u00e8cle \u00bb ?<\/a><\/p>\n","protected":false},"excerpt":{"rendered":"Au Maroc, l\u2019association Casam\u00e9moire profite de la CAN pour organiser un mois de manifestations culturelles qui retracent l\u2019histoire&hellip;\n","protected":false},"author":2,"featured_media":1474,"comment_status":"","ping_status":"","sticky":false,"template":"","format":"standard","meta":{"footnotes":""},"categories":[41],"tags":[64,311,158,237,264],"class_list":{"0":"post-1473","1":"post","2":"type-post","3":"status-publish","4":"format-standard","5":"has-post-thumbnail","7":"category-maroc","8":"tag-afrique","9":"tag-football","10":"tag-maroc","11":"tag-reportage-afrique","12":"tag-sports"},"share_on_mastodon":{"url":"","error":""},"_links":{"self":[{"href":"https:\/\/www.europesays.com\/africa\/wp-json\/wp\/v2\/posts\/1473","targetHints":{"allow":["GET"]}}],"collection":[{"href":"https:\/\/www.europesays.com\/africa\/wp-json\/wp\/v2\/posts"}],"about":[{"href":"https:\/\/www.europesays.com\/africa\/wp-json\/wp\/v2\/types\/post"}],"author":[{"embeddable":true,"href":"https:\/\/www.europesays.com\/africa\/wp-json\/wp\/v2\/users\/2"}],"replies":[{"embeddable":true,"href":"https:\/\/www.europesays.com\/africa\/wp-json\/wp\/v2\/comments?post=1473"}],"version-history":[{"count":0,"href":"https:\/\/www.europesays.com\/africa\/wp-json\/wp\/v2\/posts\/1473\/revisions"}],"wp:featuredmedia":[{"embeddable":true,"href":"https:\/\/www.europesays.com\/africa\/wp-json\/wp\/v2\/media\/1474"}],"wp:attachment":[{"href":"https:\/\/www.europesays.com\/africa\/wp-json\/wp\/v2\/media?parent=1473"}],"wp:term":[{"taxonomy":"category","embeddable":true,"href":"https:\/\/www.europesays.com\/africa\/wp-json\/wp\/v2\/categories?post=1473"},{"taxonomy":"post_tag","embeddable":true,"href":"https:\/\/www.europesays.com\/africa\/wp-json\/wp\/v2\/tags?post=1473"}],"curies":[{"name":"wp","href":"https:\/\/api.w.org\/{rel}","templated":true}]}}