{"id":14733,"date":"2026-01-10T07:15:29","date_gmt":"2026-01-10T07:15:29","guid":{"rendered":"https:\/\/www.europesays.com\/africa\/14733\/"},"modified":"2026-01-10T07:15:29","modified_gmt":"2026-01-10T07:15:29","slug":"can-qui-sont-vos-favoris-pour-les-quarts-de-finale-de-la-coupe-dafrique-des-nations","status":"publish","type":"post","link":"https:\/\/www.europesays.com\/africa\/14733\/","title":{"rendered":"CAN. Qui sont vos favoris pour les quarts de finale de la Coupe d\u2019Afrique des nations\u00a0?"},"content":{"rendered":"<p>Apr\u00e8s <a href=\"https:\/\/www.ouest-france.fr\/sport\/football\/coupe-d-afrique-des-nations\/calendrier-resultats\/\" target=\"_blank\" rel=\"nofollow noopener\">deux jours de repos et la fin des huiti\u00e8mes de finale<\/a>, la CAN repart ce vendredi 9\u00a0janvier 2026 <a href=\"https:\/\/www.ouest-france.fr\/sport\/football\/coupe-d-afrique-des-nations\/can-maroc-cameroun-nigeria-algerie-tout-savoir-des-quarts-de-finale-de-la-competition-bc8007f0-eba1-11f0-bb7c-fe9a962cb15d\" target=\"_blank\" rel=\"nofollow noopener\">avec les quarts de finale<\/a>. Aucune surprise n\u2019a eu lieu au tour pr\u00e9c\u00e9dent, ce qui rend les affiches extr\u00eamement serr\u00e9es avec toutes les meilleures s\u00e9lections du continent encore en course dans cette Coupe d\u2019Afrique des nations\u2026<\/p>\n<p>Avec de nombreux chocs, des favoris pour la victoire finale vont forc\u00e9ment prendre la porte avant le dernier carr\u00e9 du tournoi. Mais pour vous, qui sont les favoris des confrontations\u00a0? Votre avis nous int\u00e9resse\u00a0!<\/p>\n<p>        Mali &#8211; S\u00e9n\u00e9gal<\/p>\n<p>Apr\u00e8s <a href=\"https:\/\/www.ouest-france.fr\/sport\/football\/coupe-d-afrique-des-nations\/direct\/direct-mali-tunisie-suivez-le-huitieme-de-finale-de-la-can-2025-en-live-a94baed7-879d-4c4b-8488-718437c080af\" target=\"_blank\" rel=\"nofollow noopener\">un sc\u00e9nario dingue contre la Tunisie<\/a>, les Aigles du Mali se sont qualifi\u00e9s miraculeusement en quart de finale de la comp\u00e9tition. Les Maliens sont en revanche oppos\u00e9s \u00e0 un grand favori du tournoi, le S\u00e9n\u00e9gal, <a href=\"https:\/\/www.ouest-france.fr\/sport\/football\/coupe-d-afrique-des-nations\/direct\/direct-senegal-soudan-suivez-le-8e-de-finale-de-la-can-en-live-71bf31b4-c385-4259-97f3-b2165416901c\" target=\"_blank\" rel=\"nofollow noopener\">qui a surclass\u00e9 le Soudan lors du tour pr\u00e9c\u00e9dent (3-1)<\/a>. D\u2019autant plus que, factuellement, le Mali n\u2019a encore jamais gagn\u00e9 un seul match dans sa comp\u00e9tition, la victoire face \u00e0 la Tunisie s\u2019\u00e9tant d\u00e9cid\u00e9e aux tirs au but\u2026<\/p>\n<p>        Cameroun &#8211; Maroc<\/p>\n<p>Si le pays h\u00f4te a \u00e9t\u00e9 plut\u00f4t \u00e9pargn\u00e9 lors de son huiti\u00e8me de finale <a href=\"https:\/\/www.ouest-france.fr\/sport\/football\/coupe-d-afrique-des-nations\/direct\/direct-maroc-tanzanie-suivez-le-8e-de-finale-de-la-can-2025-en-live-915b9d8c-8a33-42a9-a7c5-1d53d139207a\" target=\"_blank\" rel=\"nofollow noopener\">en disposant du petit poucet la Tanzanie<\/a>, qui est sorti avec les honneurs malgr\u00e9 tout (1-0), la donne change pour les quarts de finale avec le Cameroun. Une statistique peut faire trembler les Marocains, puisque les Lions indomptables ont \u00e9t\u00e9 responsables de cinq \u00e9liminations des pays h\u00f4tes lors de cinq phases \u00e0 \u00e9liminations directes d\u2019une CAN (1988 au Maroc, 1992 au S\u00e9n\u00e9gal, 2000 au Nigeria, 2002 au Mali et 2008 au Ghana).<\/p>\n<p>        Alg\u00e9rie &#8211; Nigeria<\/p>\n<p>La phase \u00e0 \u00e9liminations directes n\u2019est d\u00e9cid\u00e9ment pas un fleuve tranquille pour l\u2019Alg\u00e9rie, qui apr\u00e8s avoir d\u00e9fi\u00e9 un outsider pour la victoire finale d\u00e8s les huiti\u00e8mes, <a href=\"https:\/\/www.ouest-france.fr\/sport\/football\/coupe-d-afrique-des-nations\/direct\/direct-algerie-rd-congo-suivez-le-choc-des-huitiemes-de-finale-de-la-coupe-dafrique-des-nations-en-live-1461adc0-b9fd-486c-a02b-e08af486cbdc\" target=\"_blank\" rel=\"nofollow noopener\">avec la RD Congo<\/a>, se retrouve face \u00e0 l\u2019\u00e9pouvantail de cette CAN, tant la forme affich\u00e9e depuis le d\u00e9but de la comp\u00e9tition est \u00e9tincelante. En effet le Nigeria a remport\u00e9 tous ses matches de la phase de groupes et a continu\u00e9 sur son incroyable lanc\u00e9e face au Mozambique au tour pr\u00e9c\u00e9dent, <a href=\"https:\/\/www.ouest-france.fr\/sport\/football\/coupe-d-afrique-des-nations\/direct\/direct-nigeria-mozambique-suivez-le-8e-de-finale-de-la-can-2025-en-live-5e772f53-c037-4b0c-9e42-e261b25d14fd\" target=\"_blank\" rel=\"nofollow noopener\">en \u00e9crasant son adversaire (4-0)<\/a>, la plus large victoire de cette Coupe d\u2019Afrique des nations. Les Fennecs, eux, tra\u00eenent en plus une prolongation dans les pattes avec un jour de repos de moins\u2026<\/p>\n<p>        \u00c9gypte &#8211; C\u00f4te d\u2019Ivoire<\/p>\n<p>Les tenants du titre aussi impressionnent dans cette CAN, puisque la C\u00f4te d\u2019Ivoire est sortie en position de leader du groupe le plus relev\u00e9, compos\u00e9 du Cameroun, du Gabon et du Mozambique. Les \u00c9l\u00e9phants n\u2019ont \u00e9galement laiss\u00e9 aucune chance <a href=\"https:\/\/www.ouest-france.fr\/sport\/football\/coupe-d-afrique-des-nations\/direct\/direct-cote-d-ivoire-burkina-faso-suivez-le-huitieme-de-finale-de-la-can-en-live-fd465e14-3ec2-4acf-b1a4-91ffd8d06c97\" target=\"_blank\" rel=\"nofollow noopener\">au Burkina Faso lors de leur huiti\u00e8me de finale (3-0)<\/a>, alors que l\u2019\u00c9gypte s\u2019est fait peur jusqu\u2019en prolongation, <a href=\"https:\/\/www.ouest-france.fr\/sport\/football\/coupe-d-afrique-des-nations\/direct\/direct-egypte-benin-les-guepards-arrachent-l-egalisation-suivez-la-fin-du-8e-de-finale-de-la-can-en-live-7eeb143e-0a01-4367-84eb-0e2657a0d731\" target=\"_blank\" rel=\"nofollow noopener\">avant de trouver la faille face au B\u00e9nin (3-1)<\/a>.<\/p>\n<p>Cette d\u00e9bauche d\u2019\u00e9nergie suppl\u00e9mentaire de quelques minutes sera-t-elle fatale pour les Pharaons emmen\u00e9s par leur star Mohamed Salah\u00a0?<\/p>\n","protected":false},"excerpt":{"rendered":"Apr\u00e8s deux jours de repos et la fin des huiti\u00e8mes de finale, la CAN repart ce vendredi 9\u00a0janvier&hellip;\n","protected":false},"author":2,"featured_media":14734,"comment_status":"","ping_status":"","sticky":false,"template":"","format":"standard","meta":{"footnotes":""},"categories":[62],"tags":[4057,64,940,9771,4056,9773,3254,4619,5473,9772,5472,311,310],"class_list":{"0":"post-14733","1":"post","2":"type-post","3":"status-publish","4":"format-standard","5":"has-post-thumbnail","7":"category-afrique","8":"tag-actualite-en-continu","9":"tag-afrique","10":"tag-coupe-dafrique-des-nations","11":"tag-equipe-algerie-football","12":"tag-equipe-cameroun-football","13":"tag-equipe-cote-divoire-football","14":"tag-equipe-du-maroc-de-football","15":"tag-equipe-egypte-football","16":"tag-equipe-mali-football","17":"tag-equipe-nigeria-football","18":"tag-equipe-senegal-football","19":"tag-football","20":"tag-sport"},"share_on_mastodon":{"url":"","error":""},"_links":{"self":[{"href":"https:\/\/www.europesays.com\/africa\/wp-json\/wp\/v2\/posts\/14733","targetHints":{"allow":["GET"]}}],"collection":[{"href":"https:\/\/www.europesays.com\/africa\/wp-json\/wp\/v2\/posts"}],"about":[{"href":"https:\/\/www.europesays.com\/africa\/wp-json\/wp\/v2\/types\/post"}],"author":[{"embeddable":true,"href":"https:\/\/www.europesays.com\/africa\/wp-json\/wp\/v2\/users\/2"}],"replies":[{"embeddable":true,"href":"https:\/\/www.europesays.com\/africa\/wp-json\/wp\/v2\/comments?post=14733"}],"version-history":[{"count":0,"href":"https:\/\/www.europesays.com\/africa\/wp-json\/wp\/v2\/posts\/14733\/revisions"}],"wp:featuredmedia":[{"embeddable":true,"href":"https:\/\/www.europesays.com\/africa\/wp-json\/wp\/v2\/media\/14734"}],"wp:attachment":[{"href":"https:\/\/www.europesays.com\/africa\/wp-json\/wp\/v2\/media?parent=14733"}],"wp:term":[{"taxonomy":"category","embeddable":true,"href":"https:\/\/www.europesays.com\/africa\/wp-json\/wp\/v2\/categories?post=14733"},{"taxonomy":"post_tag","embeddable":true,"href":"https:\/\/www.europesays.com\/africa\/wp-json\/wp\/v2\/tags?post=14733"}],"curies":[{"name":"wp","href":"https:\/\/api.w.org\/{rel}","templated":true}]}}