{"id":14735,"date":"2026-01-10T07:18:07","date_gmt":"2026-01-10T07:18:07","guid":{"rendered":"https:\/\/www.europesays.com\/africa\/14735\/"},"modified":"2026-01-10T07:18:07","modified_gmt":"2026-01-10T07:18:07","slug":"resume-mali-senegal-en-video-0-1-ndiaye-qualifie-les-lions","status":"publish","type":"post","link":"https:\/\/www.europesays.com\/africa\/14735\/","title":{"rendered":"R\u00e9sum\u00e9 Mali\/S\u00e9n\u00e9gal en vid\u00e9o (0-1), Ndiaye qualifie les Lions"},"content":{"rendered":"<p>Retrouvez ci-dessous le r\u00e9sum\u00e9 de ce Mali\/S\u00e9n\u00e9gale en vid\u00e9o avec le but d\u2019Iliman Ndiaye. Dans le cadre des quarts de finale de la CAN 2025, le S\u00e9n\u00e9gal \u00e9tait au Grand Stade de Tanger ce vendredi afin d\u2019affronter le Mali. Un match qui concernait 1 joueur du Paris Saint-Germain, c\u00f4t\u00e9 s\u00e9n\u00e9galais : Ibrahim Mbaye (attaquant de 17 ans). Le\u00a0 Parisien \u00e9tait rempla\u00e7ant lors de la victoire 0-1 de sa s\u00e9lection.<\/p>\n<p>Les but de Mali\/S\u00e9n\u00e9gal en vid\u00e9o<\/p>\n<p>Revivez les meilleurs moments et le but de ce Mali\/S\u00e9n\u00e9gal (Ndiaye 27e) avec ce r\u00e9sum\u00e9 vid\u00e9o :<\/p>\n<p>\t\t\t\t\t\t\t\t\t\t\t\t\t\t\t\t\t\t\t\t\t\t\t<img decoding=\"async\" src=\"https:\/\/www.europesays.com\/africa\/wp-content\/uploads\/2026\/01\/ParisFans_Logo.png\"\/><\/p>\n","protected":false},"excerpt":{"rendered":"Retrouvez ci-dessous le r\u00e9sum\u00e9 de ce Mali\/S\u00e9n\u00e9gale en vid\u00e9o avec le but d\u2019Iliman Ndiaye. Dans le cadre des&hellip;\n","protected":false},"author":2,"featured_media":14736,"comment_status":"","ping_status":"","sticky":false,"template":"","format":"standard","meta":{"footnotes":""},"categories":[48],"tags":[9774,159,2121],"class_list":{"0":"post-14735","1":"post","2":"type-post","3":"status-publish","4":"format-standard","5":"has-post-thumbnail","7":"category-senegal","8":"tag-mali-senegal","9":"tag-senegal","10":"tag-une"},"share_on_mastodon":{"url":"","error":""},"_links":{"self":[{"href":"https:\/\/www.europesays.com\/africa\/wp-json\/wp\/v2\/posts\/14735","targetHints":{"allow":["GET"]}}],"collection":[{"href":"https:\/\/www.europesays.com\/africa\/wp-json\/wp\/v2\/posts"}],"about":[{"href":"https:\/\/www.europesays.com\/africa\/wp-json\/wp\/v2\/types\/post"}],"author":[{"embeddable":true,"href":"https:\/\/www.europesays.com\/africa\/wp-json\/wp\/v2\/users\/2"}],"replies":[{"embeddable":true,"href":"https:\/\/www.europesays.com\/africa\/wp-json\/wp\/v2\/comments?post=14735"}],"version-history":[{"count":0,"href":"https:\/\/www.europesays.com\/africa\/wp-json\/wp\/v2\/posts\/14735\/revisions"}],"wp:featuredmedia":[{"embeddable":true,"href":"https:\/\/www.europesays.com\/africa\/wp-json\/wp\/v2\/media\/14736"}],"wp:attachment":[{"href":"https:\/\/www.europesays.com\/africa\/wp-json\/wp\/v2\/media?parent=14735"}],"wp:term":[{"taxonomy":"category","embeddable":true,"href":"https:\/\/www.europesays.com\/africa\/wp-json\/wp\/v2\/categories?post=14735"},{"taxonomy":"post_tag","embeddable":true,"href":"https:\/\/www.europesays.com\/africa\/wp-json\/wp\/v2\/tags?post=14735"}],"curies":[{"name":"wp","href":"https:\/\/api.w.org\/{rel}","templated":true}]}}