{"id":14752,"date":"2026-01-10T07:32:05","date_gmt":"2026-01-10T07:32:05","guid":{"rendered":"https:\/\/www.europesays.com\/africa\/14752\/"},"modified":"2026-01-10T07:32:05","modified_gmt":"2026-01-10T07:32:05","slug":"lannonce-forte-de-madiambal-diagne-pendant-mali-senegal","status":"publish","type":"post","link":"https:\/\/www.europesays.com\/africa\/14752\/","title":{"rendered":"l\u2019annonce forte de Madiambal Diagne pendant Mali\u2013S\u00e9n\u00e9gal"},"content":{"rendered":"<p class=\"firstp\">Le journaliste <a href=\"https:\/\/www.senenews.com\/actualites\/affaire-madiambal-diagne-sa-femme-mabintou-diaby-et-son-fils-mouhamed-sortent-de-prison_571615.html\" rel=\"nofollow noopener\" target=\"_blank\">Madiambal Diagne<\/a> a annonc\u00e9, ce jour, la lib\u00e9ration de son \u00e9pouse Mabintou et de son fils Mouhamed, jusque-l\u00e0 incarc\u00e9r\u00e9s. L\u2019information a \u00e9t\u00e9 rendue publique \u00e0 travers un message publi\u00e9 sur ses r\u00e9seaux sociaux, au moment de la mi-temps du match opposant le Mali au S\u00e9n\u00e9gal.<\/p>\n<p>Dans sa d\u00e9claration, Madiambal Diagne \u00e9tablit un lien entre cette lib\u00e9ration et la situation judiciaire de son ami Omar Mbaye, dont il conteste le maintien en d\u00e9tention. Selon lui, la sortie de prison de son \u00e9pouse et de son fils met en lumi\u00e8re ce qu\u2019il consid\u00e8re comme une incoh\u00e9rence dans la proc\u00e9dure visant Omar Mbaye.\n<\/p>\n<p>\u00ab A la mi-temps du match Mali -S\u00e9n\u00e9gal, mon \u00e9pouse Mabintou et mon fils Mouhamed sont sortis de prison. Leur lib\u00e9ration r\u00e9v\u00e8le davantage l\u2019incongruite de la d\u00e9tention de mon ami Omar Mbaye, retenu par un recours en Cassation du Parquet. Il paie trop cher son d\u00e9lit d\u2019amiti\u00e9 \u00bb, a \u00e9crit le journaliste.<\/p>\n<p>D\u2019apr\u00e8s Madiambal Diagne, Omar Mbaye reste d\u00e9tenu en raison d\u2019un pourvoi en cassation introduit par le Parquet. Il estime que cette situation est injustifi\u00e9e et affirme que son ami subirait les cons\u00e9quences de sa proximit\u00e9 avec lui.<\/p>\n","protected":false},"excerpt":{"rendered":"Le journaliste Madiambal Diagne a annonc\u00e9, ce jour, la lib\u00e9ration de son \u00e9pouse Mabintou et de son fils&hellip;\n","protected":false},"author":2,"featured_media":14753,"comment_status":"","ping_status":"","sticky":false,"template":"","format":"standard","meta":{"footnotes":""},"categories":[48],"tags":[280,159,163,239],"class_list":{"0":"post-14752","1":"post","2":"type-post","3":"status-publish","4":"format-standard","5":"has-post-thumbnail","7":"category-senegal","8":"tag-madiambal-diagne","9":"tag-senegal","10":"tag-senegal-actualites","11":"tag-societe"},"share_on_mastodon":{"url":"","error":""},"_links":{"self":[{"href":"https:\/\/www.europesays.com\/africa\/wp-json\/wp\/v2\/posts\/14752","targetHints":{"allow":["GET"]}}],"collection":[{"href":"https:\/\/www.europesays.com\/africa\/wp-json\/wp\/v2\/posts"}],"about":[{"href":"https:\/\/www.europesays.com\/africa\/wp-json\/wp\/v2\/types\/post"}],"author":[{"embeddable":true,"href":"https:\/\/www.europesays.com\/africa\/wp-json\/wp\/v2\/users\/2"}],"replies":[{"embeddable":true,"href":"https:\/\/www.europesays.com\/africa\/wp-json\/wp\/v2\/comments?post=14752"}],"version-history":[{"count":0,"href":"https:\/\/www.europesays.com\/africa\/wp-json\/wp\/v2\/posts\/14752\/revisions"}],"wp:featuredmedia":[{"embeddable":true,"href":"https:\/\/www.europesays.com\/africa\/wp-json\/wp\/v2\/media\/14753"}],"wp:attachment":[{"href":"https:\/\/www.europesays.com\/africa\/wp-json\/wp\/v2\/media?parent=14752"}],"wp:term":[{"taxonomy":"category","embeddable":true,"href":"https:\/\/www.europesays.com\/africa\/wp-json\/wp\/v2\/categories?post=14752"},{"taxonomy":"post_tag","embeddable":true,"href":"https:\/\/www.europesays.com\/africa\/wp-json\/wp\/v2\/tags?post=14752"}],"curies":[{"name":"wp","href":"https:\/\/api.w.org\/{rel}","templated":true}]}}