{"id":14848,"date":"2026-01-10T08:45:09","date_gmt":"2026-01-10T08:45:09","guid":{"rendered":"https:\/\/www.europesays.com\/africa\/14848\/"},"modified":"2026-01-10T08:45:09","modified_gmt":"2026-01-10T08:45:09","slug":"au-senegal-le-geant-chinois-des-couches-africaines-pris-dans-un-scandale-sanitaire","status":"publish","type":"post","link":"https:\/\/www.europesays.com\/africa\/14848\/","title":{"rendered":"Au S\u00e9n\u00e9gal, le g\u00e9ant chinois des couches africaines pris dans un scandale sanitaire"},"content":{"rendered":"<p>                     <img loading=\"lazy\" decoding=\"async\" src=\"https:\/\/www.europesays.com\/africa\/wp-content\/uploads\/2026\/01\/a1ada62_upload-1-evh0uoklxrw6-capture-d-e-cran-2026-01-09-a-19-37-06-2.png\" alt=\"Capture d\u2019\u00e9cran d\u2019un reportage de la Radio t\u00e9l\u00e9vision s\u00e9n\u00e9galaise, diffus\u00e9 le 19\u00a0d\u00e9cembre 2025, montrant l\u2019emballage de serviettes hygi\u00e9niques vendues par le groupe chinois Softcare.\"   width=\"664\" height=\"443\"\/>    Capture d\u2019\u00e9cran d\u2019un reportage de la Radio t\u00e9l\u00e9vision s\u00e9n\u00e9galaise, diffus\u00e9 le 19\u00a0d\u00e9cembre 2025, montrant l\u2019emballage de serviettes hygi\u00e9niques vendues par le groupe chinois Softcare.  RTS 1                 <\/p>\n<p class=\"article__paragraph  \">Le roi des couches africaines a perdu de sa superbe. Introduit \u00e0 la Bourse de\u00a0Hongkong en\u00a0novembre\u00a02025, Softcare, le groupe chinois aux 6,3\u00a0milliards de couches et aux 2,9\u00a0milliards de serviettes hygi\u00e9niques vendues en Afrique en\u00a02025, est mis en cause dans un scandale sanitaire \u00e0 rebondissements au S\u00e9n\u00e9gal.<\/p>\n<p class=\"article__paragraph  \">\u00ab\u00a0Le ministre de la sant\u00e9 cache la v\u00e9rit\u00e9\u00a0!\u00a0\u00bb, s\u2019est indign\u00e9, jeudi 8\u00a0janvier, Guy Marius Sagna, d\u00e9put\u00e9 des Patriotes africains du S\u00e9n\u00e9gal pour le travail, l\u2019\u00e9thique et la fraternit\u00e9, la formation au pouvoir. L\u2019affaire prend des proportions telles qu\u2019une mission d\u2019information parlementaire a \u00e9t\u00e9 lanc\u00e9e le 5\u00a0janvier pour auditionner les protagonistes. Elle a trente jours pour tenter d\u2019\u00e9tablir les faits.<\/p>\n<p class=\"article__paragraph  \">Tout commence le 8\u00a0d\u00e9cembre, apr\u00e8s la publication d\u2019une lettre d\u2019information de l\u2019Agence s\u00e9n\u00e9galaise de r\u00e9glementation pharmaceutique (ARP) ordonnant le retrait imm\u00e9diat, du march\u00e9 des couches et des serviettes hygi\u00e9niques, de la marque devenue, en deux ans, l\u2019un des acteurs majeurs des produits d\u2019hygi\u00e8ne \u00e0 bas prix au S\u00e9n\u00e9gal \u2013 100\u00a0francs CFA (15\u00a0centimes d\u2019euro) la couche.<\/p>\n<p class=\"reading-mode-only \">Il vous reste 84.19% de cet article \u00e0 lire. La suite est r\u00e9serv\u00e9e aux abonn\u00e9s.<\/p>\n","protected":false},"excerpt":{"rendered":"Capture d\u2019\u00e9cran d\u2019un reportage de la Radio t\u00e9l\u00e9vision s\u00e9n\u00e9galaise, diffus\u00e9 le 19\u00a0d\u00e9cembre 2025, montrant l\u2019emballage de serviettes hygi\u00e9niques&hellip;\n","protected":false},"author":2,"featured_media":14849,"comment_status":"","ping_status":"","sticky":false,"template":"","format":"standard","meta":{"footnotes":""},"categories":[48],"tags":[159],"class_list":{"0":"post-14848","1":"post","2":"type-post","3":"status-publish","4":"format-standard","5":"has-post-thumbnail","7":"category-senegal","8":"tag-senegal"},"share_on_mastodon":{"url":"","error":""},"_links":{"self":[{"href":"https:\/\/www.europesays.com\/africa\/wp-json\/wp\/v2\/posts\/14848","targetHints":{"allow":["GET"]}}],"collection":[{"href":"https:\/\/www.europesays.com\/africa\/wp-json\/wp\/v2\/posts"}],"about":[{"href":"https:\/\/www.europesays.com\/africa\/wp-json\/wp\/v2\/types\/post"}],"author":[{"embeddable":true,"href":"https:\/\/www.europesays.com\/africa\/wp-json\/wp\/v2\/users\/2"}],"replies":[{"embeddable":true,"href":"https:\/\/www.europesays.com\/africa\/wp-json\/wp\/v2\/comments?post=14848"}],"version-history":[{"count":0,"href":"https:\/\/www.europesays.com\/africa\/wp-json\/wp\/v2\/posts\/14848\/revisions"}],"wp:featuredmedia":[{"embeddable":true,"href":"https:\/\/www.europesays.com\/africa\/wp-json\/wp\/v2\/media\/14849"}],"wp:attachment":[{"href":"https:\/\/www.europesays.com\/africa\/wp-json\/wp\/v2\/media?parent=14848"}],"wp:term":[{"taxonomy":"category","embeddable":true,"href":"https:\/\/www.europesays.com\/africa\/wp-json\/wp\/v2\/categories?post=14848"},{"taxonomy":"post_tag","embeddable":true,"href":"https:\/\/www.europesays.com\/africa\/wp-json\/wp\/v2\/tags?post=14848"}],"curies":[{"name":"wp","href":"https:\/\/api.w.org\/{rel}","templated":true}]}}