{"id":14850,"date":"2026-01-10T08:46:06","date_gmt":"2026-01-10T08:46:06","guid":{"rendered":"https:\/\/www.europesays.com\/africa\/14850\/"},"modified":"2026-01-10T08:46:06","modified_gmt":"2026-01-10T08:46:06","slug":"les-opportunites-dinvestissement-a-souss-massa-au-centre-dune-rencontre-a-agadir","status":"publish","type":"post","link":"https:\/\/www.europesays.com\/africa\/14850\/","title":{"rendered":"Les opportunit\u00e9s d\u2019investissement \u00e0 Souss-Massa au centre d\u2019une rencontre \u00e0 Agadir"},"content":{"rendered":"<p>Les opportunit\u00e9s d\u2019investissement et les perspectives de coop\u00e9ration \u00e9conomique dans la r\u00e9gion de Souss-Massa ont \u00e9t\u00e9 au c\u0153ur d\u2019une rencontre tenue vendredi \u00e0 Agadir entre le pr\u00e9sident du Conseil de la r\u00e9gion Souss-Massa,\u00a0Karim Achengli, et une d\u00e9l\u00e9gation du\u00a0Consulat g\u00e9n\u00e9ral de France \u00e0 Agadir.<\/p>\n<p>Cette r\u00e9union, organis\u00e9e en pr\u00e9sence de repr\u00e9sentants de plusieurs institutions r\u00e9gionales, s\u2019inscrit dans le cadre de la mise en \u0153uvre des m\u00e9canismes de la coop\u00e9ration d\u00e9centralis\u00e9e et du renforcement de l\u2019ouverture de la r\u00e9gion sur les exp\u00e9riences internationales, indique un communiqu\u00e9 du Conseil r\u00e9gional de Souss-Massa.<\/p>\n<p>La rencontre a permis de mettre en lumi\u00e8re les nombreux atouts \u00e9conomiques de la r\u00e9gion, notamment la diversit\u00e9 de son tissu productif, la qualit\u00e9 de ses infrastructures et le climat incitatif qu\u2019elle offre aux investisseurs nationaux et \u00e9trangers. Les \u00e9changes ont \u00e9galement port\u00e9 sur les moyens de renforcer les m\u00e9canismes d\u2019investissement afin de contribuer \u00e0 un d\u00e9veloppement commun, durable et inclusif.<\/p>\n<p>\u00c0 cette occasion, la d\u00e9l\u00e9gation du Consulat g\u00e9n\u00e9ral de France a salu\u00e9 les potentialit\u00e9s \u00e9conomiques de la r\u00e9gion ainsi que les infrastructures d\u00e9velopp\u00e9es dont elle dispose. Elle a \u00e9galement mis en avant la dynamique positive et les transformations qualitatives que conna\u00eet la ville d\u2019Agadir, tout en affirmant sa volont\u00e9 de renforcer la coop\u00e9ration \u00e9conomique bilat\u00e9rale.<\/p>\n<p>La d\u00e9l\u00e9gation fran\u00e7aise a, en outre, exprim\u00e9 sa disposition \u00e0 organiser des rencontres \u00e9conomiques bilat\u00e9rales r\u00e9unissant des acteurs \u00e9conomiques fran\u00e7ais et leurs homologues de la r\u00e9gion de Souss-Massa, en vue d\u2019explorer de nouvelles opportunit\u00e9s de partenariat et d\u2019investissement.<\/p>\n<p>Ont pris part \u00e0 cette rencontre, aux c\u00f4t\u00e9s de la d\u00e9l\u00e9gation fran\u00e7aise conduite par la consule g\u00e9n\u00e9rale de France \u00e0 Agadir,\u00a0B\u00e9atrice Lederl\u00e9, le pr\u00e9sident de la Chambre de commerce, d\u2019industrie et de services du Souss-Massa, le pr\u00e9sident de la Chambre d\u2019agriculture, le pr\u00e9sident du Conseil r\u00e9gional du tourisme, ainsi que des repr\u00e9sentants du Centre r\u00e9gional d\u2019investissement et de la Conf\u00e9d\u00e9ration g\u00e9n\u00e9rale des entreprises du Maroc (CGEM) \u2013 Souss-Massa.<\/p>\n","protected":false},"excerpt":{"rendered":"Les opportunit\u00e9s d\u2019investissement et les perspectives de coop\u00e9ration \u00e9conomique dans la r\u00e9gion de Souss-Massa ont \u00e9t\u00e9 au c\u0153ur&hellip;\n","protected":false},"author":2,"featured_media":14851,"comment_status":"","ping_status":"","sticky":false,"template":"","format":"standard","meta":{"footnotes":""},"categories":[41],"tags":[9852,9853,9854,158,9855],"class_list":{"0":"post-14850","1":"post","2":"type-post","3":"status-publish","4":"format-standard","5":"has-post-thumbnail","7":"category-maroc","8":"tag-cooperation-economique","9":"tag-developpement-regional","10":"tag-france-maroc","11":"tag-maroc","12":"tag-region-souss-massa"},"share_on_mastodon":{"url":"","error":""},"_links":{"self":[{"href":"https:\/\/www.europesays.com\/africa\/wp-json\/wp\/v2\/posts\/14850","targetHints":{"allow":["GET"]}}],"collection":[{"href":"https:\/\/www.europesays.com\/africa\/wp-json\/wp\/v2\/posts"}],"about":[{"href":"https:\/\/www.europesays.com\/africa\/wp-json\/wp\/v2\/types\/post"}],"author":[{"embeddable":true,"href":"https:\/\/www.europesays.com\/africa\/wp-json\/wp\/v2\/users\/2"}],"replies":[{"embeddable":true,"href":"https:\/\/www.europesays.com\/africa\/wp-json\/wp\/v2\/comments?post=14850"}],"version-history":[{"count":0,"href":"https:\/\/www.europesays.com\/africa\/wp-json\/wp\/v2\/posts\/14850\/revisions"}],"wp:featuredmedia":[{"embeddable":true,"href":"https:\/\/www.europesays.com\/africa\/wp-json\/wp\/v2\/media\/14851"}],"wp:attachment":[{"href":"https:\/\/www.europesays.com\/africa\/wp-json\/wp\/v2\/media?parent=14850"}],"wp:term":[{"taxonomy":"category","embeddable":true,"href":"https:\/\/www.europesays.com\/africa\/wp-json\/wp\/v2\/categories?post=14850"},{"taxonomy":"post_tag","embeddable":true,"href":"https:\/\/www.europesays.com\/africa\/wp-json\/wp\/v2\/tags?post=14850"}],"curies":[{"name":"wp","href":"https:\/\/api.w.org\/{rel}","templated":true}]}}