{"id":14865,"date":"2026-01-10T08:59:12","date_gmt":"2026-01-10T08:59:12","guid":{"rendered":"https:\/\/www.europesays.com\/africa\/14865\/"},"modified":"2026-01-10T08:59:12","modified_gmt":"2026-01-10T08:59:12","slug":"senegal-reformes-institutionnelles-la-coherence-comme-condition-de-la-rupture","status":"publish","type":"post","link":"https:\/\/www.europesays.com\/africa\/14865\/","title":{"rendered":"S\u00e9n\u00e9gal: R\u00e9formes institutionnelles, la coh\u00e9rence comme condition de la rupture"},"content":{"rendered":"<p class=\"story-body-text\" data-para-word-count=\"70\">L&#8217;annonce pr\u00e9sidentielle du 31 d\u00e9cembre 2026 relative \u00e0 une r\u00e9forme parlementaire de la Constitution a raviv\u00e9 un d\u00e9bat l\u00e9gitime et n\u00e9cessaire sur la nature, le rythme et la m\u00e9thode des r\u00e9formes institutionnelles au S\u00e9n\u00e9gal. Ce d\u00e9bat, nourri par plusieurs contributions r\u00e9centes, appelle cependant \u00e0 \u00eatre replac\u00e9 dans un cadre plus large, \u00e0 la fois historique, politique et m\u00e9thodologique, si l&#8217;on veut \u00e9viter les \u00e9cueils d&#8217;une r\u00e9flexion fragment\u00e9e ou strictement conjoncturelle.<\/p>\n<p class=\"story-body-text\" data-para-word-count=\"37\">La question centrale n&#8217;est pas tant de savoir s&#8217;il faut r\u00e9former, ni m\u00eame quelles institutions r\u00e9former en priorit\u00e9, mais selon quelle logique d&#8217;ensemble, \u00e0 partir de quels r\u00e9f\u00e9rentiels partag\u00e9s et dans quelle perspective d\u00e9mocratique de long terme.<\/p>\n<p class=\"story-body-text\" data-para-word-count=\"147\">Toute r\u00e9forme institutionnelle de rupture suppose, d\u00e8s l&#8217;origine, l&#8217;affirmation d&#8217;une vision structurante, autrement dit d&#8217;une th\u00e9orie du changement explicite, assum\u00e9e et lisible. Fixer ainsi le cap du changement projet\u00e9 d\u00e8s le d\u00e9but n&#8217;est ni un artifice politique ni un exercice de communication. Il s&#8217;agit d&#8217;une condition strat\u00e9gique essentielle pour orienter durablement l&#8217;action publique, aligner les institutions, mobiliser les acteurs politiques et sociaux, et cr\u00e9er un horizon commun de transformation. Notamment en clarifiant les valeurs, principes et finalit\u00e9s qui guident la transformation. Sans cette vision d&#8217;ensemble, les r\u00e9formes risquent de s&#8217;accumuler sans coh\u00e9rence, de se juxtaposer sans se renforcer mutuellement, et de produire plus de confusion que de rupture. Cette exigence a \u00e9t\u00e9 d\u00e9velopp\u00e9e dans l&#8217;article Pour une th\u00e9orie du changement, qui souligne \u00e0 la fois la n\u00e9cessit\u00e9 de fixer un cap d\u00e8s le d\u00e9part et l&#8217;impossibilit\u00e9 de substituer \u00e0 une approche globale une succession d&#8217;interventions sectorielles isol\u00e9es<\/p>\n<p class=\"story-body-text\" style=\"text-align: center;\">\n<p>Restez inform\u00e9 des derniers gros titres sur <a href=\"https:\/\/whatsapp.com\/channel\/0029Vae09IP4inotqC0BUQ2V\" target=\"_blank\" rel=\"nofollow noopener\">WhatsApp<\/a> | <a href=\"https:\/\/www.linkedin.com\/company\/allafrica\/\" target=\"_blank\" rel=\"nofollow noopener\">LinkedIn<\/a><\/p>\n<p class=\"story-body-text\" data-para-word-count=\"77\">Cette approche syst\u00e9mique est particuli\u00e8rement importante dans le domaine de la justice, o\u00f9 une simple r\u00e9forme technique ne peut suffire \u00e0 rompre avec des h\u00e9ritages institutionnels qui concourent \u00e0 affaiblir la s\u00e9paration des pouvoirs et l&#8217;ind\u00e9pendance judiciaire. L&#8217;article D\u00e9coloniser la justice analyse ces enjeux en profondeur, en montrant que la transformation de ce secteur exige non seulement une r\u00e9forme juridique, mais une red\u00e9finition des rapports entre pouvoirs et acteurs, dans une logique de d\u00e9mocratie effective et participative<\/p>\n<p class=\"story-body-text\" data-para-word-count=\"99\">C&#8217;est pr\u00e9cis\u00e9ment pour r\u00e9pondre \u00e0 cette exigence de coh\u00e9rence que les Assises nationales et la Commission nationale de r\u00e9forme des institutions (CNRI) ont \u00e9t\u00e9 con\u00e7ues. Ces deux processus, longs, inclusifs et exigeants, ont permis de produire un socle de diagnostics partag\u00e9s, de principes structurants et de recommandations consensuelles sur la refondation de l&#8217;\u00c9tat, la s\u00e9paration des pouvoirs, l&#8217;ind\u00e9pendance de la justice, le r\u00f4le du Parlement, la participation citoyenne et l&#8217;\u00e9quilibre institutionnel. Ce travail ne relevait ni de l&#8217;improvisation ni de la contingence politique. Il constituait, et constitue toujours, une architecture de r\u00e9f\u00e9rence pour toute ambition cr\u00e9dible de rupture institutionnelle.<\/p>\n<p class=\"story-body-text\" data-para-word-count=\"83\">\u00c0 ce socle s&#8217;ajoute le Pacte national de bonne gouvernance d\u00e9mocratique, sign\u00e9 par l&#8217;actuel pr\u00e9sident de la R\u00e9publique quand il \u00e9tait candidat \u00e0 la pr\u00e9sidentielle de 2024, qui a explicitement repris ces r\u00e9f\u00e9rentiels comme base d&#8217;engagement politique. Ce Pacte n&#8217;est ni accessoire ni symbolique. Il constitue un contrat politique et moral, invoqu\u00e9 \u00e0 de nombreuses reprises comme fondement de l&#8217;ambition r\u00e9formatrice du pouvoir en place. \u00c0 ce titre, il demeure pleinement en vigueur et engage toujours ses signataires, ind\u00e9pendamment des s\u00e9quences politiques ult\u00e9rieures.<\/p>\n<p class=\"story-body-text\" data-para-word-count=\"99\">Dans ce contexte, les Assises de la justice et le dialogue politique organis\u00e9s en 2025, quels que soient l&#8217;int\u00e9r\u00eat de certains \u00e9changes qu&#8217;ils ont pu susciter, ne peuvent ni sur le fond ni sur la forme se substituer aux Assises nationales, \u00e0 la CNRI et au Pacte. Leur p\u00e9rim\u00e8tre limit\u00e9, leur temporalit\u00e9 contrainte et leur caract\u00e8re sectoriel ne leur permettent pas d&#8217;offrir le m\u00eame niveau de profondeur analytique, de l\u00e9gitimit\u00e9 d\u00e9mocratique ou de consensus national. Ils ne sauraient surtout invalider ou rel\u00e9guer des cadres de r\u00e9f\u00e9rence construits collectivement sur plusieurs ann\u00e9es et auxquels le pouvoir lui-m\u00eame a explicitement souscrit.<\/p>\n<p class=\"story-body-text\" data-para-word-count=\"72\">Le risque, en pr\u00e9tendant faire de ces exercices sectoriels de nouveaux points de d\u00e9part, est double. D&#8217;une part, celui de brouiller les rep\u00e8res collectifs en donnant l&#8217;impression que les r\u00e8gles du jeu peuvent \u00eatre red\u00e9finies en permanence au gr\u00e9 des conjonctures politiques. D&#8217;autre part, celui d&#8217;affaiblir durablement la confiance entre les institutions, les acteurs de la soci\u00e9t\u00e9 civile et les citoyens, en banalisant la remise en cause de consensus pourtant solidement \u00e9tablis.<\/p>\n<p class=\"story-body-text\" data-para-word-count=\"166\">Certains arguments ont cherch\u00e9 \u00e0 d\u00e9placer le d\u00e9bat vers la question de la l\u00e9gitimit\u00e9 politique du pouvoir issu des urnes, comme si l&#8217;analyse critique des m\u00e9thodes et des r\u00e9f\u00e9rentiels de r\u00e9forme revenait \u00e0 contester cette l\u00e9gitimit\u00e9. Une telle lecture est erron\u00e9e. La l\u00e9gitimit\u00e9 \u00e9lectorale du pouvoir en place n&#8217;est nullement remise en cause. Elle est pleinement reconnue. Le d\u00e9bat porte ailleurs, sur la coexistence et l&#8217;articulation de plusieurs formes de l\u00e9gitimit\u00e9 dans une d\u00e9mocratie moderne. La l\u00e9gitimit\u00e9 politique, issue du suffrage, n&#8217;annule ni ne disqualifie la l\u00e9gitimit\u00e9 sociale, civique et intellectuelle port\u00e9e par la soci\u00e9t\u00e9 civile organis\u00e9e, par les acteurs engag\u00e9s dans les processus d\u00e9lib\u00e9ratifs et par ceux qui ont contribu\u00e9 \u00e0 l&#8217;\u00e9laboration de r\u00e9f\u00e9rentiels collectifs comme les Assises nationales, la CNRI et le Pacte. Cette distinction est analys\u00e9e dans l&#8217;article De la l\u00e9gitimit\u00e9 de la soci\u00e9t\u00e9 civile face aux \u00e9lus, qui rappelle que la d\u00e9mocratie ne saurait se r\u00e9duire \u00e0 l&#8217;acte \u00e9lectoral et que la participation citoyenne constitue une composante essentielle de la l\u00e9gitimit\u00e9 d\u00e9mocratique<\/p>\n<p class=\"story-body-text\" data-para-word-count=\"86\">Cette reconnaissance mutuelle des l\u00e9gitimit\u00e9s n&#8217;implique ni une posture de confrontation ni un refus d&#8217;avancer. Au contraire, c&#8217;est pr\u00e9cis\u00e9ment parce que les Assises nationales, la CNRI et le Pacte restent pleinement pertinents qu&#8217;ils doivent \u00eatre mobilis\u00e9s comme leviers pour aller de l&#8217;avant, y compris dans une perspective de r\u00e9formes institutionnelles \u00e0 minima. Des r\u00e9formes cibl\u00e9es, r\u00e9alistes et progressives peuvent et doivent \u00eatre engag\u00e9es, \u00e0 condition qu&#8217;elles s&#8217;inscrivent clairement dans la continuit\u00e9 de ces r\u00e9f\u00e9rentiels et qu&#8217;elles contribuent \u00e0 renforcer, et non \u00e0 affaiblir, la d\u00e9mocratie participative.<\/p>\n<p class=\"story-body-text\" data-para-word-count=\"133\">L&#8217;enjeu n&#8217;est donc pas d&#8217;inventer sans cesse de nouveaux cadres, mais de cr\u00e9er les conditions politiques, institutionnelles et citoyennes permettant une appropriation effective des consensus existants. Cela suppose des processus inclusifs, transparents et intelligibles pour les citoyens, capables de relier les r\u00e9formes institutionnelles aux pr\u00e9occupations concr\u00e8tes de la soci\u00e9t\u00e9. Car en mati\u00e8re de formulation de r\u00e9forme consensuelle, le processus est aussi important que le produit. En effet, c&#8217;est bien le premier qui d\u00e9termine \u00e0 travers la qualit\u00e9 et l&#8217;inclusivit\u00e9 du dialogue, l&#8217;adh\u00e9sion et l&#8217;engagement de toutes les parties prenantes dans les r\u00e9formes. La d\u00e9mocratie participative, pas plus que la rupture, ne se d\u00e9cr\u00e8te. Elle se construit par la reconnaissance des engagements pris, par la fid\u00e9lit\u00e9 aux cadres collectivement \u00e9labor\u00e9s, et par la capacit\u00e9 \u00e0 transformer ces cadres en actions publiques coh\u00e9rentes et lisibles.<\/p>\n<p class=\"story-body-text\" data-para-word-count=\"26\">C&#8217;est \u00e0 cette condition que le d\u00e9bat actuel sur les r\u00e9formes institutionnelles pourra d\u00e9passer les oppositions de circonstance et contribuer r\u00e9ellement \u00e0 la refondation d\u00e9mocratique attendue.<\/p>\n","protected":false},"excerpt":{"rendered":"L&#8217;annonce pr\u00e9sidentielle du 31 d\u00e9cembre 2026 relative \u00e0 une r\u00e9forme parlementaire de la Constitution a raviv\u00e9 un d\u00e9bat&hellip;\n","protected":false},"author":2,"featured_media":198,"comment_status":"","ping_status":"","sticky":false,"template":"","format":"standard","meta":{"footnotes":""},"categories":[48],"tags":[63,83,265,262,268,96,261,159,264,263,266,325],"class_list":{"0":"post-14865","1":"post","2":"type-post","3":"status-publish","4":"format-standard","5":"has-post-thumbnail","7":"category-senegal","8":"tag-africa","9":"tag-business","10":"tag-current-events","11":"tag-economy","12":"tag-governance","13":"tag-news","14":"tag-politics","15":"tag-senegal","16":"tag-sports","17":"tag-trade","18":"tag-travel","19":"tag-west-africa"},"share_on_mastodon":{"url":"","error":""},"_links":{"self":[{"href":"https:\/\/www.europesays.com\/africa\/wp-json\/wp\/v2\/posts\/14865","targetHints":{"allow":["GET"]}}],"collection":[{"href":"https:\/\/www.europesays.com\/africa\/wp-json\/wp\/v2\/posts"}],"about":[{"href":"https:\/\/www.europesays.com\/africa\/wp-json\/wp\/v2\/types\/post"}],"author":[{"embeddable":true,"href":"https:\/\/www.europesays.com\/africa\/wp-json\/wp\/v2\/users\/2"}],"replies":[{"embeddable":true,"href":"https:\/\/www.europesays.com\/africa\/wp-json\/wp\/v2\/comments?post=14865"}],"version-history":[{"count":0,"href":"https:\/\/www.europesays.com\/africa\/wp-json\/wp\/v2\/posts\/14865\/revisions"}],"wp:featuredmedia":[{"embeddable":true,"href":"https:\/\/www.europesays.com\/africa\/wp-json\/wp\/v2\/media\/198"}],"wp:attachment":[{"href":"https:\/\/www.europesays.com\/africa\/wp-json\/wp\/v2\/media?parent=14865"}],"wp:term":[{"taxonomy":"category","embeddable":true,"href":"https:\/\/www.europesays.com\/africa\/wp-json\/wp\/v2\/categories?post=14865"},{"taxonomy":"post_tag","embeddable":true,"href":"https:\/\/www.europesays.com\/africa\/wp-json\/wp\/v2\/tags?post=14865"}],"curies":[{"name":"wp","href":"https:\/\/api.w.org\/{rel}","templated":true}]}}