{"id":14882,"date":"2026-01-10T09:15:07","date_gmt":"2026-01-10T09:15:07","guid":{"rendered":"https:\/\/www.europesays.com\/africa\/14882\/"},"modified":"2026-01-10T09:15:07","modified_gmt":"2026-01-10T09:15:07","slug":"les-dernieres-pluies-ravivent-les-espoirs-des-agriculteurs","status":"publish","type":"post","link":"https:\/\/www.europesays.com\/africa\/14882\/","title":{"rendered":"Les derni\u00e8res pluies ravivent les espoirs des agriculteurs"},"content":{"rendered":"<p>Les importantes pr\u00e9cipitations enregistr\u00e9es derni\u00e8rement au niveau de la r\u00e9gion ont raviv\u00e9 l\u2019espoir des agriculteurs quant \u00e0 la r\u00e9ussite de la campagne agricole actuelle, a affirm\u00e9, vendredi \u00e0 K\u00e9nitra, la Direction r\u00e9gionale de l\u2019agriculture (DRA) de Rabat-Sal\u00e9-K\u00e9nitra, soulignant que ces pluies auront un impact positif sur la production v\u00e9g\u00e9tale et animali\u00e8re.<\/p>\n<p>Le cumul pluviom\u00e9trique enregistr\u00e9 au niveau de la r\u00e9gion s\u2019est \u00e9lev\u00e9, au 8 janvier, \u00e0 342 mm, contre 74 mm durant la m\u00eame p\u00e9riode de la campagne pr\u00e9c\u00e9dente, affichant ainsi une hausse significative de 360%, rel\u00e8ve la DRA, pr\u00e9cisant que ces pr\u00e9cipitations ont permis de remplir les conditions favorables aux d\u00e9veloppement des cultures d\u2019automne et au lancement des programmes d\u2019hiver dans une conjoncture encourageante.<\/p>\n<p>Ces pr\u00e9cipitations ont \u00e9galement contribu\u00e9 au renforcement des retenues des barrages \u00e0 usage agricole, une situation de nature \u00e0 conforter l\u2019approvisionnement des p\u00e9rim\u00e8tres irrigu\u00e9s en eau d\u2019irrigation, portant les r\u00e9serves des barrages Al Wahda, Idriss 1er et El Kansera au 8 janvier, \u00e0 environ 2.61 milliards de m\u00e8tres cubes, soit un taux de remplissage de 53,5%, soit une augmentation de 890 millions de m3 (+17.9%) par rapport \u00e0 la m\u00eame p\u00e9riode de l\u2019ann\u00e9e derni\u00e8re.<\/p>\n<p>Cette situation pluviom\u00e9trique devrait \u00e9galement contribuer \u00e0 l\u2019am\u00e9lioration du niveau de la nappe phr\u00e9atique et \u00e0 l\u2019att\u00e9nuation de la pression sur l\u2019exploitation des eaux de puits, outre la r\u00e9duction des besoins en irrigation et la baisse des co\u00fbts de production, notamment pour les cultures sucri\u00e8res, l\u2019arboriculture fruiti\u00e8re, les c\u00e9r\u00e9ales et les cultures mara\u00eech\u00e8res.<\/p>\n<p>Dans une d\u00e9claration \u00e0 la MAP, le chef de division du d\u00e9veloppement agricole \u00e0 l\u2019Office r\u00e9gional de mise en valeur agricole du Gharb (ORMVAG), Aziz Lamghari, a soulign\u00e9 que les services d\u00e9concentr\u00e9s du minist\u00e8re au niveau de la r\u00e9gion accompagnent l\u2019\u00e9volution de la campagne agricole au quotidien, \u00e0 travers un suivi de terrain et un encadrement technique des agriculteurs.<\/p>\n<p>Et de relever que cet accompagnement, qui porte notamment sur les op\u00e9rations de fertilisation azot\u00e9e et les interventions pr\u00e9ventives et curatives de lutte contre les mauvaises herbes, est men\u00e9 en coordination avec les diff\u00e9rents intervenants, dont l\u2019Office national de s\u00e9curit\u00e9 sanitaire des produits alimentaires (ONSSA), l\u2019Institut national de la Recherche agronomique (INRA) et l\u2019Office national du Conseil agricole (ONCA), \u00e0 travers la prestation de conseils et de recommandations techniques adapt\u00e9s \u00e0 la situation des parcelles agricoles.<\/p>\n<p>De son c\u00f4t\u00e9, le g\u00e9rant d\u2019une exploitation agricole \u00e0 douar Nouirate (r\u00e9gion du Gharb), Mouad Ouahi, a indiqu\u00e9 dans une d\u00e9claration similaire, que les importantes pr\u00e9cipitations enregistr\u00e9es dans la r\u00e9gion depuis septembre dernier jusqu\u2019\u00e0 ce jour auront un impact positif global sur les diff\u00e9rentes cultures, qu\u2019il s\u2019agisse des c\u00e9r\u00e9ales et des cultures sucri\u00e8res ou des arbres fruitiers, particuli\u00e8rement les agrumes et les rosac\u00e9es.<\/p>\n<p>Pour sa part, Meloui Smail, technicien agricole, a fait savoir que les derni\u00e8res pr\u00e9cipitations ont renforc\u00e9 l\u2019optimisme des agriculteurs et les ont incit\u00e9 \u00e0 \u00e9tendre les superficies c\u00e9r\u00e9ali\u00e8res, notamment de bl\u00e9 tendre, outre l\u2019am\u00e9lioration de la disponibilit\u00e9 fourrag\u00e8re pour le b\u00e9tail.<\/p>\n<p>Ces pr\u00e9cipitations rev\u00eatent une importance capitale pour la campagne agricole d\u2019automne qui couvre une superficie d\u2019environ 784.000 hectares porte notamment sur les c\u00e9r\u00e9ales d\u2019automne (580.000 ha), y compris celles cultiv\u00e9es par la technique du semis direct, ainsi que sur les l\u00e9gumineuses d\u2019automne (30.000 ha), selon la DRA.<\/p>\n<p>S\u2019agissant des cultures d\u2019hiver, les conditions climatiques actuelles devraient contribuer \u00e0 l\u2019acc\u00e9l\u00e9ration de la cadence de r\u00e9alisation du programme projet\u00e9 sur une superficie de 12.000 ha, notamment pour la pomme de terre (4.400 ha) et l\u2019oignon (950 ha), outre les autres vari\u00e9t\u00e9s, tout en poursuivant la programmation des cultures de printemps et d\u2019\u00e9t\u00e9 afin d\u2019assurer l\u2019approvisionnement du march\u00e9 en l\u00e9gumes de base tout au long de l\u2019ann\u00e9e, ajoute la m\u00eame source.<\/p>\n<p>Ces pr\u00e9cipitations devraient \u00e9galement avoir un impact positif sur les arbres fruitiers, en particulier les agrumes, l\u2019olivier et les rosac\u00e9es, \u00e0 travers l\u2019am\u00e9lioration de l\u2019\u00e9tat sanitaire des arbres et le rehaussement de la qualit\u00e9 du produit.<\/p>\n<p>Ces pluies contribueront \u00e9galement \u00e0 l\u2019am\u00e9lioration du couvert v\u00e9g\u00e9tal des p\u00e2turages au profit du cheptel, all\u00e9geant ainsi la charge sur les \u00e9leveurs \u00e0 travers la disponibilit\u00e9 du fourrage et la r\u00e9duction des co\u00fbts d\u2019alimentation du b\u00e9tail, renfor\u00e7ant ainsi la production animale et am\u00e9liorant l\u2019effectif et la productivit\u00e9 du cheptel, en vue de contribuer \u00e0 l\u2019approvisionnement des march\u00e9s en produits animaux et d\u2019assurer la stabilit\u00e9 des prix, notamment ceux des viandes rouges.<\/p>\n","protected":false},"excerpt":{"rendered":"Les importantes pr\u00e9cipitations enregistr\u00e9es derni\u00e8rement au niveau de la r\u00e9gion ont raviv\u00e9 l\u2019espoir des agriculteurs quant \u00e0 la&hellip;\n","protected":false},"author":2,"featured_media":14883,"comment_status":"","ping_status":"","sticky":false,"template":"","format":"standard","meta":{"footnotes":""},"categories":[41],"tags":[3869,3874,3873,3870,3872,158,3871],"class_list":{"0":"post-14882","1":"post","2":"type-post","3":"status-publish","4":"format-standard","5":"has-post-thumbnail","7":"category-maroc","8":"tag-actualite-maroc","9":"tag-akhbar","10":"tag-journal","11":"tag-journal-maroc","12":"tag-lavieeco","13":"tag-maroc","14":"tag-press-maroc"},"share_on_mastodon":{"url":"","error":""},"_links":{"self":[{"href":"https:\/\/www.europesays.com\/africa\/wp-json\/wp\/v2\/posts\/14882","targetHints":{"allow":["GET"]}}],"collection":[{"href":"https:\/\/www.europesays.com\/africa\/wp-json\/wp\/v2\/posts"}],"about":[{"href":"https:\/\/www.europesays.com\/africa\/wp-json\/wp\/v2\/types\/post"}],"author":[{"embeddable":true,"href":"https:\/\/www.europesays.com\/africa\/wp-json\/wp\/v2\/users\/2"}],"replies":[{"embeddable":true,"href":"https:\/\/www.europesays.com\/africa\/wp-json\/wp\/v2\/comments?post=14882"}],"version-history":[{"count":0,"href":"https:\/\/www.europesays.com\/africa\/wp-json\/wp\/v2\/posts\/14882\/revisions"}],"wp:featuredmedia":[{"embeddable":true,"href":"https:\/\/www.europesays.com\/africa\/wp-json\/wp\/v2\/media\/14883"}],"wp:attachment":[{"href":"https:\/\/www.europesays.com\/africa\/wp-json\/wp\/v2\/media?parent=14882"}],"wp:term":[{"taxonomy":"category","embeddable":true,"href":"https:\/\/www.europesays.com\/africa\/wp-json\/wp\/v2\/categories?post=14882"},{"taxonomy":"post_tag","embeddable":true,"href":"https:\/\/www.europesays.com\/africa\/wp-json\/wp\/v2\/tags?post=14882"}],"curies":[{"name":"wp","href":"https:\/\/api.w.org\/{rel}","templated":true}]}}