{"id":14899,"date":"2026-01-10T09:29:06","date_gmt":"2026-01-10T09:29:06","guid":{"rendered":"https:\/\/www.europesays.com\/africa\/14899\/"},"modified":"2026-01-10T09:29:06","modified_gmt":"2026-01-10T09:29:06","slug":"regragui-se-tient-pret-pour-un-eventuel-choc-maroc-algerie-en-demi-finale-de-la-can-2025","status":"publish","type":"post","link":"https:\/\/www.europesays.com\/africa\/14899\/","title":{"rendered":"Regragui se tient pr\u00eat pour un \u00e9ventuel choc Maroc-Alg\u00e9rie en demi-finale de la CAN 2025"},"content":{"rendered":"<p>Qualifi\u00e9 pour le dernier carr\u00e9 de la Coupe d&#8217;Afrique des nations, le Maroc affrontera le Nigeria ou l&#8217;Alg\u00e9rie pour une place en finale. Un choc face aux Fennecs serait &#8220;beau pour le football&#8221; selon Walid Regragui, le s\u00e9lectionneur marocain.<\/p>\n<p>La CAN aura-t-elle droit \u00e0 sa &#8220;f\u00eate des voisins&#8221; ? Alors qu\u2019ils ne se sont plus affront\u00e9s dans la comp\u00e9tition depuis 2004, Marocains et Alg\u00e9riens ont d\u00e9sormais une chance sur deux de se retrouver en demi-finales de cette \u00e9dition 2025. Car les Lions de l\u2019Atlas ont rempli leur part du contrat <a href=\"https:\/\/rmcsport.bfmtv.com\/football\/coupe-d-afrique-des-nations\/direct-cameroun-maroc-suivez-le-quart-de-finale-de-la-can-2025-entre-les-lions-indomptables-et-les-lions-de-l-atlas-en-live_LS-202601090574.html\" title=\"Cameroun-Maroc: auteurs d&#039;un grand match, les Marocains s&#039;imposent et rejoignent les demi-finales\" class=\"internal_link\" rel=\"nofollow noopener\" target=\"_blank\">en faisant plier le Cameroun (2-0)<\/a>, vendredi, port\u00e9s par un Brahim Diaz toujours sur un petit nuage.<\/p>\n<p>&#8220;Ce serait beau pour le football&#8221;<\/p>\n<p>Les Fennecs, eux, vont faire face \u00e0 une montagne ce samedi \u00e0 17h : le Nigeria de <a href=\"https:\/\/rmcsport.bfmtv.com\/football\/serie-a\/victor-osimhen_DN-202304100028.html\" title=\"Victor Osimhen\" class=\"internal_link\" rel=\"nofollow noopener\" target=\"_blank\">Victor Osimhen<\/a> et Ademola Lookman, meilleure attaque du tournoi et candidat plus que cr\u00e9dible \u00e0 la victoire finale. Si les supporters marocains attendent de pied ferme leurs &#8220;fr\u00e8res&#8221; alg\u00e9riens dans le dernier carr\u00e9, mercredi \u00e0 21h \u00e0 Rabat, pour ce qui serait \u00e0 leurs yeux l\u2019\u00e9quivalent &#8220;d\u2019un PSG-OM ou d\u2019un Bar\u00e7a-Real&#8221; <a href=\"https:\/\/rmcsport.bfmtv.com\/football\/coupe-d-afrique-des-nations\/can-2025-c-est-comme-un-psg-om-les-supporters-du-maroc-attendent-impatiemment-l-algerie-en-demi-finale_AV-202601090954.html\" title=\"CAN 2025: &quot;C&#039;est comme un PSG-OM&quot;, les supporters du Maroc attendent impatiemment l&#039;Alg\u00e9rie en demi-finale\" class=\"internal_link\" rel=\"nofollow noopener\" target=\"_blank\">comme ils l\u2019ont confi\u00e9 \u00e0 RMC Sport<\/a>, quid de Walid Regragui ?<\/p>\n<p>&#8220;On va s\u2019adapter en fonction de qui sera l\u00e0. Maintenant, si c\u2019est l\u2019Alg\u00e9rie, ce sera un vrai derby. Je pense m\u00eame que ce sera historique&#8221;, a r\u00e9pondu le s\u00e9lectionneur des Lions de l\u2019Atlas, vendredi, apr\u00e8s la victoire face au Cameroun. &#8220;Ce serait aussi beau pour le football entre deux peuples fr\u00e8res. Si c\u2019est eux, on sera tr\u00e8s heureux. Ce serait une grande f\u00eate. Et si c\u2019est le Nigeria, ce sera un autre style. On ne souhaite personne : la meilleure \u00e9quipe passera et on devra affronter les meilleurs pour aller au bout&#8221;, a-t-il d\u00e9velopp\u00e9 en conf\u00e9rence de presse.<\/p>\n<p>Dans l\u2019autre partie de tableau, le S\u00e9n\u00e9gal a domin\u00e9 le Mali (1-0) en quarts et se tient pr\u00eat \u00e0 d\u00e9fier l\u2019\u00c9gypte ou la C\u00f4te d\u2019Ivoire pour une place en finale.<\/p>\n","protected":false},"excerpt":{"rendered":"Qualifi\u00e9 pour le dernier carr\u00e9 de la Coupe d&#8217;Afrique des nations, le Maroc affrontera le Nigeria ou l&#8217;Alg\u00e9rie&hellip;\n","protected":false},"author":2,"featured_media":14900,"comment_status":"","ping_status":"","sticky":false,"template":"","format":"standard","meta":{"footnotes":""},"categories":[41],"tags":[158],"class_list":{"0":"post-14899","1":"post","2":"type-post","3":"status-publish","4":"format-standard","5":"has-post-thumbnail","7":"category-maroc","8":"tag-maroc"},"share_on_mastodon":{"url":"","error":""},"_links":{"self":[{"href":"https:\/\/www.europesays.com\/africa\/wp-json\/wp\/v2\/posts\/14899","targetHints":{"allow":["GET"]}}],"collection":[{"href":"https:\/\/www.europesays.com\/africa\/wp-json\/wp\/v2\/posts"}],"about":[{"href":"https:\/\/www.europesays.com\/africa\/wp-json\/wp\/v2\/types\/post"}],"author":[{"embeddable":true,"href":"https:\/\/www.europesays.com\/africa\/wp-json\/wp\/v2\/users\/2"}],"replies":[{"embeddable":true,"href":"https:\/\/www.europesays.com\/africa\/wp-json\/wp\/v2\/comments?post=14899"}],"version-history":[{"count":0,"href":"https:\/\/www.europesays.com\/africa\/wp-json\/wp\/v2\/posts\/14899\/revisions"}],"wp:featuredmedia":[{"embeddable":true,"href":"https:\/\/www.europesays.com\/africa\/wp-json\/wp\/v2\/media\/14900"}],"wp:attachment":[{"href":"https:\/\/www.europesays.com\/africa\/wp-json\/wp\/v2\/media?parent=14899"}],"wp:term":[{"taxonomy":"category","embeddable":true,"href":"https:\/\/www.europesays.com\/africa\/wp-json\/wp\/v2\/categories?post=14899"},{"taxonomy":"post_tag","embeddable":true,"href":"https:\/\/www.europesays.com\/africa\/wp-json\/wp\/v2\/tags?post=14899"}],"curies":[{"name":"wp","href":"https:\/\/api.w.org\/{rel}","templated":true}]}}