{"id":14912,"date":"2026-01-10T09:39:06","date_gmt":"2026-01-10T09:39:06","guid":{"rendered":"https:\/\/www.europesays.com\/africa\/14912\/"},"modified":"2026-01-10T09:39:06","modified_gmt":"2026-01-10T09:39:06","slug":"afrique-revue-de-presse-de-lafrique-francophone-du-10-janvier-2026","status":"publish","type":"post","link":"https:\/\/www.europesays.com\/africa\/14912\/","title":{"rendered":"Afrique: Revue de presse de l&#8217;Afrique Francophone du 10 janvier 2026"},"content":{"rendered":"<p class=\"story-body-text\" data-para-word-count=\"13\">CAN Maroc 2025 &#8211; Le S\u00e9n\u00e9gal s&#8217;offre le Mali et file en demi-finales<\/p>\n<p class=\"story-body-text\" data-para-word-count=\"62\">Le S\u00e9n\u00e9gal a valid\u00e9 son ticket pour les demi-finales de la Coupe d&#8217;Afrique des Nations Maroc 2025 en s&#8217;imposant sur la plus petite des marges (1-0) face au Mali. Solides, disciplin\u00e9s et exp\u00e9riment\u00e9s, les Lions de la Teranga ont su faire la diff\u00e9rence dans un quart de finale \u00e2prement disput\u00e9 face \u00e0 des Aigles maliens valeureux et combatifs jusqu&#8217;au bout. [Source allAfrica]<\/p>\n<p class=\"story-body-text\" data-para-word-count=\"10\">B\u00e9nin : Le pr\u00e9sident Patrice Talon inaugure les Vodun Days<\/p>\n<p class=\"story-body-text\" style=\"text-align: center;\">\n<p>Restez inform\u00e9 des derniers gros titres sur <a href=\"https:\/\/whatsapp.com\/channel\/0029Vae09IP4inotqC0BUQ2V\" target=\"_blank\" rel=\"nofollow noopener\">WhatsApp<\/a> | <a href=\"https:\/\/www.linkedin.com\/company\/allafrica\/\" target=\"_blank\" rel=\"nofollow noopener\">LinkedIn<\/a><\/p>\n<p class=\"story-body-text\" data-para-word-count=\"40\">\u00c0 Ouidah, le coup d\u2019envoi des Vodun Days 2026 a \u00e9t\u00e9 donn\u00e9 ce jeudi 8 janvier. D\u00e8s les premi\u00e8res heures, la ville s\u2019est transform\u00e9e en un v\u00e9ritable th\u00e9\u00e2tre culturel, o\u00f9 fid\u00e8les, curieux et touristes se m\u00ealent dans une ambiance festive.<\/p>\n<p class=\"story-body-text\" data-para-word-count=\"42\">\u00c0 la plage de Ouidah, la nouvelle Porte du Non-Retour, plus imposante que jamais, a vu d\u00e9filer les premiers visiteurs d\u00e8s le lever du jour. Certains habitants \u00e9taient d\u00e9j\u00e0 debout depuis 5 heures pour ne rien manquer de ce grand rendez-vous annuel.<\/p>\n<p class=\"story-body-text\" data-para-word-count=\"37\">Le pr\u00e9sident Patrice Talon a rejoint les festivit\u00e9s \u00e0 bord d\u2019un tricycle, symbole des Vodun Days. Il a suivi les parades de masques Egungun sur la place Maro, acclam\u00e9 par une foule dense et enthousiaste. (Source Africanews)<\/p>\n<p class=\"story-body-text\" data-para-word-count=\"12\">1 000 jours de guerre au Soudan : Un lourd bilan humanitaire<\/p>\n<p class=\"story-body-text\" data-para-word-count=\"45\">Le Soudan franchit ce vendredi le cap tragique des 1 000 jours de conflit arm\u00e9 entre factions militaires rivales, avec un bilan humanitaire qui constitue d\u00e9sormais la plus grave crise alimentaire et la plus importante situation d\u2019urgence en mati\u00e8re de d\u00e9placements de population au monde.<\/p>\n<p class=\"story-body-text\" data-para-word-count=\"48\">Depuis avril 2023, les affrontements opposent les forces arm\u00e9es soudanaises (FAS) aux paramilitaires des Forces de soutien rapide (FSR). \u00ab Chaque jour, les civils paient le prix d\u2019une guerre qu\u2019ils n\u2019ont pas choisie \u00bb, a d\u00e9clar\u00e9 le Bureau de la coordination des affaires humanitaires des Nations Unies (OCHA).<\/p>\n<p class=\"story-body-text\" data-para-word-count=\"50\">Les derni\u00e8res donn\u00e9es onusiennes r\u00e9v\u00e8lent l\u2019ampleur du d\u00e9sastre : 9,3 millions de personnes ont \u00e9t\u00e9 d\u00e9plac\u00e9es \u00e0 l\u2019int\u00e9rieur du pays, tandis que plus de 4,3 millions ont fui \u00e0 l\u2019\u00e9tranger, exer\u00e7ant une pression consid\u00e9rable sur les pays voisins. Plus de 21 millions de Soudanais souffrent d\u2019ins\u00e9curit\u00e9 alimentaire aigu\u00eb. (Source Apanews)<\/p>\n<p class=\"story-body-text\" data-para-word-count=\"19\">Le Maroc dans le top 60 mondial d\u2019ici 2040 : Les projections optimistes du CEBR \u00e0 l\u2019\u00e9preuve des r\u00e9alit\u00e9s<\/p>\n<p class=\"story-body-text\" data-para-word-count=\"40\">Le Centre for Economics and Business Research projette un doublement du PIB marocain en quinze ans. Si ces pr\u00e9visions t\u00e9moignent des progr\u00e8s accomplis par le Royaume, elles reposent sur des hypoth\u00e8ses que les fragilit\u00e9s structurelles de l\u2019\u00e9conomie nationale pourraient contrarier.<\/p>\n<p class=\"story-body-text\" data-para-word-count=\"54\">Le Maroc aime les classements flatteurs. Le rapport annuel du Centre for Economics and Business Research (CEBR), publi\u00e9 fin d\u00e9cembre 2025, lui en offre un nouveau : le Royaume figurerait parmi les 60 premi\u00e8res \u00e9conomies mondiales \u00e0 l\u2019horizon 2040, avec un PIB estim\u00e9 \u00e0 389 milliards de dollars contre 178 milliards aujourd\u2019hui. (Source Afrik.com)<\/p>\n<p class=\"story-body-text\" data-para-word-count=\"17\">C\u00f4te d\u2019Ivoire : cinq ans de prison requis contre un parlementaire malien pour offense \u00e0 Alassane Ouattara<\/p>\n<p class=\"story-body-text\" data-para-word-count=\"72\">Le parquet d\u2019Abidjan a requis ce vendredi 9 janvier cinq ans de prison contre Mamadou Hawa Gassama, membre du Conseil national de Transition du Mali, poursuivi pour offense au chef de l\u2019\u00c9tat ivoirien et diffusion de propos outrageants sur internet. Jug\u00e9 pour des d\u00e9clarations tenues en 2022 qualifiant notamment Alassane Ouattara \u00ab d\u2019ennemi du Mali \u00bb, l\u2019\u00e9lu a reconnu les faits et pr\u00e9sent\u00e9 ses excuses. Le verdict est attendu le 30 janvier.<\/p>\n<p class=\"story-body-text\" data-para-word-count=\"67\">Cinq ans de prison ont \u00e9t\u00e9 requis contre, Mamadou Hawa Gassama, membre du parlement de transition du Mali, par le parquet d&#8217;Abidjan pour &#8220;offense&#8221; et &#8220;propos outrageants sur internet&#8221; envers le chef de l&#8217;Etat ivoirien Alassane Ouattara. Ce qui repr\u00e9sente la peine maximale. Opposant historique du pr\u00e9c\u00e9dent r\u00e9gime de Bamako, avant l&#8217;arriv\u00e9e de la junte, M. Gassama est connu au Mali pour son franc-parler. (Source Africa Radio)<\/p>\n<p class=\"story-body-text\" data-para-word-count=\"22\">Est de la RDC : La crise dans la r\u00e9gion des Grands Lacs au c\u0153ur de r\u00e9unions en Angola et en Zambie<\/p>\n<p class=\"story-body-text\" data-para-word-count=\"42\">Le conflit dans l\u2019est de la R\u00e9publique d\u00e9mocratique du Congo (RDC) \u00e9tait au c\u0153ur de visites du pr\u00e9sident congolais en Angola, les 5 et 8 janvier 2026. Objectif affich\u00e9\u00a0: trouver des solutions \u00e0 cette crise qui dure depuis plus de trois ans.<\/p>\n<p class=\"story-body-text\" data-para-word-count=\"33\">Samedi 10 janvier en Zambie, une r\u00e9union de la Conf\u00e9rence internationale sur la r\u00e9gion des Grands Lacs (GIRGL) sera par ailleurs consacr\u00e9e \u00e0 la situation humanitaire et s\u00e9curitaire dans la sous-r\u00e9gion. (Source RFI)<\/p>\n<p class=\"story-body-text\" data-para-word-count=\"12\">En Guin\u00e9e-Bissau, conf\u00e9rences de presse et d\u00e9clarations publiques interdites par la junte<\/p>\n<p class=\"story-body-text\" data-para-word-count=\"23\">Les militaires au pouvoir apr\u00e8s un putsch post-\u00e9lectoral justifient cette d\u00e9cision en accusant leurs organisateurs d\u2019\u00ab\u00a0inciter \u00e0 la violence et \u00e0 la d\u00e9sob\u00e9issance\u00a0\u00bb.<\/p>\n<p class=\"story-body-text\" data-para-word-count=\"53\">Six semaines apr\u00e8s sa prise de pouvoir \u00e0 la suite d\u2019un coup d\u2019Etat post-\u00e9lectoral, la junte de Guin\u00e9e-Bissau a d\u00e9cid\u00e9, vendredi 9 janvier, d\u2019\u00ab interdire express\u00e9ment la tenue de toute conf\u00e9rence de presse ou d\u00e9claration publique non autoris\u00e9e et susceptible de compromettre la paix et la coh\u00e9sion sociale \u00bb. [Source Le Monde Afrique]<\/p>\n<p class=\"story-body-text\" data-para-word-count=\"9\">Kenya : 15 milliards d\u2019arbres \u00e0 planter d\u2019ici 2032<\/p>\n<p class=\"story-body-text\" data-para-word-count=\"50\">Confront\u00e9 \u00e0 l\u2019aggravation du changement climatique sur un territoire majoritairement aride, le Kenya a lanc\u00e9 un vaste programme de reboisement visant \u00e0 planter 15 milliards d\u2019arbres d\u2019ici 2032. Port\u00e9e par la campagne nationale \u00ab Jaza Miti \u00bb, cette initiative entend restaurer les \u00e9cosyst\u00e8mes d\u00e9grad\u00e9s et renforcer la r\u00e9silience des populations.<\/p>\n<p class=\"story-body-text\" data-para-word-count=\"28\">Si des avanc\u00e9es notables sont enregistr\u00e9es, le projet fait face \u00e0 d\u2019importants d\u00e9fis logistiques, techniques et humains, qui interrogent sa capacit\u00e9 \u00e0 atteindre ses objectifs. [Source Africa 24]<\/p>\n<p class=\"story-body-text\" data-para-word-count=\"9\">Le num\u00e9rique au c\u0153ur de la transformation du Togo<\/p>\n<p class=\"story-body-text\" data-para-word-count=\"30\">En 2025, le gouvernement a intensifi\u00e9 sa transformation digitale avec l&#8217;ambition de faire de l&#8217;\u00e9conomie num\u00e9rique un levier central de croissance et d&#8217;inclusion sociale, indique un document officiel publi\u00e9 vendredi.<\/p>\n<p class=\"story-body-text\" data-para-word-count=\"13\">Cette dynamique a permis de moderniser l&#8217;administration publique et de stimuler l&#8217;\u00e9cosyst\u00e8me technologique.<\/p>\n<p class=\"story-body-text\" data-para-word-count=\"49\">L&#8217;op\u00e9ration de masse d&#8217;identification nationale biom\u00e9trique et l&#8217;attribution de cartes E-ID figurent parmi les r\u00e9alisations majeures de l&#8217;ann\u00e9e. Parall\u00e8lement, un vaste programme de d\u00e9mat\u00e9rialisation des services a \u00e9t\u00e9 lanc\u00e9, impliquant la CEET, l&#8217;Agence togolaise pour les \u00e9nergies renouvelables et l&#8217;Autorit\u00e9 de r\u00e9gulation du secteur de l&#8217;\u00e9lectricit\u00e9 (ARSE). [Source Togonews]<\/p>\n<p class=\"story-body-text\" data-para-word-count=\"15\">Zambie\u00a0: Le gouvernement renonce \u00e0 une prolongation de 12 mois du programme d\u2019aide du FMI<\/p>\n<p class=\"story-body-text\" data-para-word-count=\"46\">L\u2019abandon de la demande de prolongation qui devait permettre de d\u00e9bloquer un financement suppl\u00e9mentaire d\u2019environ 145 millions de dollars, intervient alors que le pays se pr\u00e9pare \u00e0 organiser des \u00e9lections g\u00e9n\u00e9rales, dans un contexte marqu\u00e9 par une inflation \u00e0 deux chiffres et une grave p\u00e9nurie d\u2019\u00e9lectricit\u00e9.<\/p>\n<p class=\"story-body-text\" data-para-word-count=\"43\">Le gouvernement zambien a fait marche arri\u00e8re sur la demande de prolongation de douze mois de son programme de pr\u00eat aupr\u00e8s du Fonds mon\u00e9taire international (FMI), qui doit expirer fin janvier 2026, a annonc\u00e9 l\u2019institution financi\u00e8re multilat\u00e9rale le mercredi 7 janvier. [Agence ecofin]<\/p>\n","protected":false},"excerpt":{"rendered":"CAN Maroc 2025 &#8211; Le S\u00e9n\u00e9gal s&#8217;offre le Mali et file en demi-finales Le S\u00e9n\u00e9gal a valid\u00e9 son&hellip;\n","protected":false},"author":2,"featured_media":502,"comment_status":"","ping_status":"","sticky":false,"template":"","format":"standard","meta":{"footnotes":""},"categories":[62],"tags":[63,64,83,9882,265,321,262,268,362,96,322,261,159,323,310,264,263,266,325],"class_list":{"0":"post-14912","1":"post","2":"type-post","3":"status-publish","4":"format-standard","5":"has-post-thumbnail","7":"category-afrique","8":"tag-africa","9":"tag-afrique","10":"tag-business","11":"tag-cote-d","12":"tag-current-events","13":"tag-east-africa","14":"tag-economy","15":"tag-governance","16":"tag-legal-and-judicial-affairs","17":"tag-news","18":"tag-north-africa","19":"tag-politics","20":"tag-senegal","21":"tag-soccer","22":"tag-sport","23":"tag-sports","24":"tag-trade","25":"tag-travel","26":"tag-west-africa"},"share_on_mastodon":{"url":"","error":""},"_links":{"self":[{"href":"https:\/\/www.europesays.com\/africa\/wp-json\/wp\/v2\/posts\/14912","targetHints":{"allow":["GET"]}}],"collection":[{"href":"https:\/\/www.europesays.com\/africa\/wp-json\/wp\/v2\/posts"}],"about":[{"href":"https:\/\/www.europesays.com\/africa\/wp-json\/wp\/v2\/types\/post"}],"author":[{"embeddable":true,"href":"https:\/\/www.europesays.com\/africa\/wp-json\/wp\/v2\/users\/2"}],"replies":[{"embeddable":true,"href":"https:\/\/www.europesays.com\/africa\/wp-json\/wp\/v2\/comments?post=14912"}],"version-history":[{"count":0,"href":"https:\/\/www.europesays.com\/africa\/wp-json\/wp\/v2\/posts\/14912\/revisions"}],"wp:featuredmedia":[{"embeddable":true,"href":"https:\/\/www.europesays.com\/africa\/wp-json\/wp\/v2\/media\/502"}],"wp:attachment":[{"href":"https:\/\/www.europesays.com\/africa\/wp-json\/wp\/v2\/media?parent=14912"}],"wp:term":[{"taxonomy":"category","embeddable":true,"href":"https:\/\/www.europesays.com\/africa\/wp-json\/wp\/v2\/categories?post=14912"},{"taxonomy":"post_tag","embeddable":true,"href":"https:\/\/www.europesays.com\/africa\/wp-json\/wp\/v2\/tags?post=14912"}],"curies":[{"name":"wp","href":"https:\/\/api.w.org\/{rel}","templated":true}]}}