{"id":14915,"date":"2026-01-10T09:42:21","date_gmt":"2026-01-10T09:42:21","guid":{"rendered":"https:\/\/www.europesays.com\/africa\/14915\/"},"modified":"2026-01-10T09:42:21","modified_gmt":"2026-01-10T09:42:21","slug":"le-senegal-sort-le-mali-et-file-dans-le-dernier-carre","status":"publish","type":"post","link":"https:\/\/www.europesays.com\/africa\/14915\/","title":{"rendered":"le S\u00e9n\u00e9gal sort le Mali et file dans le dernier carr\u00e9 !"},"content":{"rendered":"<p>Place aux quarts de finale de cette Coupe d\u2019Afrique des Nations avec ce premier choc entre le <a href=\"https:\/\/www.footmercato.net\/selection\/mali\/\" rel=\"nofollow noopener\" target=\"_blank\">Mali<\/a> et le <a href=\"https:\/\/www.footmercato.net\/selection\/senegal\/\" rel=\"nofollow noopener\" target=\"_blank\">S\u00e9n\u00e9gal<\/a>. Le vainqueur de la comp\u00e9tition en 2021 partait avec une longueur d\u2019avance dans cette rencontre face \u00e0 son voisin, moins bien arm\u00e9 sur le papier mais au cuir tann\u00e9. Durant la phase de poules, les Aigles ont tout de m\u00eame tenu en \u00e9chec le Maroc (1-1), pays organisateur et grand favori de cette <a href=\"https:\/\/www.footmercato.net\/afrique\/coupe-dafrique-des-nations\/\" rel=\"nofollow noopener\" target=\"_blank\">CAN<\/a> \u00e0 domicile, et sorti la Tunisie lors du tour pr\u00e9c\u00e9dent aux tirs au but (1-1, 3-2 t.a.b.) apr\u00e8s avoir pass\u00e9 la grande majorit\u00e9 du match \u00e0 dix contre onze. Ces Maliens en ont vu d\u2019autres et d\u00e9marraient cette confrontation directe sans la moindre retenue.<\/p>\n<p>            La suite apr\u00e8s cette publicit\u00e9<\/p>\n<p>Ils auraient sans doute d\u00fb obtenir un penalty d\u00e8s la 5e apr\u00e8s ce tacle mal ma\u00eetris\u00e9 par Koulibaly sur Sinayoko. La VAR invalidait ce contact et le bon d\u00e9but de match des hommes de Tom Saintfiet o\u00f9 Sinayoko se montrait \u00e0 nouveau dangereux (24e). Menac\u00e9s durant cette entame de match, les Lions de la Teranga prenaient le contr\u00f4le du jeu et profitaient de l\u2019indiscipline de Bissouma, averti d\u00e8s la 23e, des p\u00e9pins adverses (Djigui Diarra 18e, Amadou Ha\u00efdara 45e) et de l\u2019\u00e9norme bourde du portier, Djigui Diarra. <a href=\"https:\/\/www.footmercato.net\/a2471040486512109569-senegal-iliman-ndiaye-ouvre-le-score-apres-la-boulette-du-gardien-du-mali\" rel=\"nofollow noopener\" target=\"_blank\">Sa faute de main sur le centre de Krepin Diatta<\/a> offrait l\u2019ouverture du score \u00e0 Iliman Ndiaye (0-1, 27e). Dans la foul\u00e9e, Gueye aurait m\u00eame pu doubler la mise (32e).<\/p>\n<p>        Djigui Diarra, fautif puis h\u00e9ro\u00efque<\/p>\n<p>La t\u00e2che se compliquait davantage avec le second avertissement franchement \u00e9vitable de Bissouma (45e+3). D\u00e9j\u00e0 men\u00e9s au score, avant m\u00eame la pause, les Aigles \u00e9taient contraints d\u2019\u00e9voluer, une nouvelle fois, en inf\u00e9riorit\u00e9 num\u00e9rique pour la 3e fois en 5 matchs dans cette CAN. Cette fois, l\u2019obstacle semblait difficilement surmontable face \u00e0 un adversaire d\u2019une telle qualit\u00e9. Gueye fr\u00f4lait encore une fois le break au retour des vestiaires (52e) mais le Mali jouait avec intelligence. Le bloc bas encaissait bien les quelques situations s\u00e9n\u00e9galaises, et parvenait \u00e0 exploiter les occasions sur de rares contres (48e) et coups de pied arr\u00eat\u00e9s (57e), obligeant Mendy \u00e0 rester tr\u00e8s vigilant.<\/p>\n<p>            La suite apr\u00e8s cette publicit\u00e9<\/p>\n<p>Malgr\u00e9 ces alertes, le S\u00e9n\u00e9gal avait le contr\u00f4le des d\u00e9bats, sans parvenir \u00e0 se mettre \u00e0 l\u2019abri. La lourde frappe de Man\u00e9 chauffait les gants de Diarra (65e), encore impeccable sur sa ligne pour repousser la t\u00eate de l\u2019entrant Ciss (66e). Fautif lors de l\u2019unique but du match, le gardien des Young Africans remportait encore son duel, seul face \u00e0 Ciss (76e), et laissait son \u00e9quipe en vie dans cette rencontre. L\u2019entr\u00e9e du remuant mais maladroit Mbaye a offert un nouveau souffle bienvenu pour terminer ce match dans la s\u00e9r\u00e9nit\u00e9. Le dernier arr\u00eat de Diarra sur la reprise de vol\u00e9e de Lamine Camara (90e+1) aura eu le m\u00e9rite d\u2019\u00eatre spectaculaire. Car c\u2019est bien le S\u00e9n\u00e9gal qui passe, et jouera sa place en finale contre le vainqueur d\u2019\u00c9gypte-C\u00f4te d\u2019Ivoire.<\/p>\n<p>\n    Pub. le 09\/01\/2026 19:02<br \/>\n            &#8211; MAJ le 10\/01\/2026 00:48\n    <\/p>\n","protected":false},"excerpt":{"rendered":"Place aux quarts de finale de cette Coupe d\u2019Afrique des Nations avec ce premier choc entre le Mali&hellip;\n","protected":false},"author":2,"featured_media":14916,"comment_status":"","ping_status":"","sticky":false,"template":"","format":"standard","meta":{"footnotes":""},"categories":[48],"tags":[159],"class_list":{"0":"post-14915","1":"post","2":"type-post","3":"status-publish","4":"format-standard","5":"has-post-thumbnail","7":"category-senegal","8":"tag-senegal"},"share_on_mastodon":{"url":"","error":""},"_links":{"self":[{"href":"https:\/\/www.europesays.com\/africa\/wp-json\/wp\/v2\/posts\/14915","targetHints":{"allow":["GET"]}}],"collection":[{"href":"https:\/\/www.europesays.com\/africa\/wp-json\/wp\/v2\/posts"}],"about":[{"href":"https:\/\/www.europesays.com\/africa\/wp-json\/wp\/v2\/types\/post"}],"author":[{"embeddable":true,"href":"https:\/\/www.europesays.com\/africa\/wp-json\/wp\/v2\/users\/2"}],"replies":[{"embeddable":true,"href":"https:\/\/www.europesays.com\/africa\/wp-json\/wp\/v2\/comments?post=14915"}],"version-history":[{"count":0,"href":"https:\/\/www.europesays.com\/africa\/wp-json\/wp\/v2\/posts\/14915\/revisions"}],"wp:featuredmedia":[{"embeddable":true,"href":"https:\/\/www.europesays.com\/africa\/wp-json\/wp\/v2\/media\/14916"}],"wp:attachment":[{"href":"https:\/\/www.europesays.com\/africa\/wp-json\/wp\/v2\/media?parent=14915"}],"wp:term":[{"taxonomy":"category","embeddable":true,"href":"https:\/\/www.europesays.com\/africa\/wp-json\/wp\/v2\/categories?post=14915"},{"taxonomy":"post_tag","embeddable":true,"href":"https:\/\/www.europesays.com\/africa\/wp-json\/wp\/v2\/tags?post=14915"}],"curies":[{"name":"wp","href":"https:\/\/api.w.org\/{rel}","templated":true}]}}