{"id":14917,"date":"2026-01-10T09:43:11","date_gmt":"2026-01-10T09:43:11","guid":{"rendered":"https:\/\/www.europesays.com\/africa\/14917\/"},"modified":"2026-01-10T09:43:11","modified_gmt":"2026-01-10T09:43:11","slug":"les-couleurs-du-ciel-ce-samedi-10-janvier-h24info","status":"publish","type":"post","link":"https:\/\/www.europesays.com\/africa\/14917\/","title":{"rendered":"les couleurs du ciel ce samedi 10 janvier , H24info"},"content":{"rendered":"<p>La r\u00e9daction vous conseille<\/p>\n<p><a href=\"https:\/\/h24info.ma\/maroc\/meteo-les-couleurs-du-ciel-ce-vendredi-9-janvier\/\" class=\"h24-ranking-profile-link\" data-h24-domain=\"H24info\" rel=\"nofollow noopener\" target=\"_blank\"><\/p>\n<p>M\u00e9t\u00e9o: les couleurs du ciel ce vendredi 9 janvier<br \/>\n<\/a><\/p>\n<p class=\"h24-ranking-profile-standfirst\">\nVoici les pr\u00e9visions m\u00e9t\u00e9o \u00e9tablies par la Direction g\u00e9n\u00e9rale de la m\u00e9t\u00e9orologie pour le samedi 10 janvier 2026:<br \/>\n\u2013 Temps assez froid <a href=\"https:\/\/h24info.ma\/maroc\/meteo-les-couleurs-du-ciel-ce-vendredi-9-janvier\/\" style=\"color:#002fff;\" rel=\"nofollow noopener\" target=\"_blank\">Lire la suite<\/a> <\/p>\n<p><a href=\"https:\/\/h24info.ma\/maroc\/societe\/alerte-meteo-vague-de-froid-de-vendredi-a-dimanche-dans-plusieurs-provinces\/\" class=\"h24-ranking-profile-link\" data-h24-domain=\"H24info\" rel=\"nofollow noopener\" target=\"_blank\"><\/p>\n<p>Alerte m\u00e9t\u00e9o: vague de froid de vendredi \u00e0 dimanche dans plusieurs provinces<br \/>\n<\/a><\/p>\n<p class=\"h24-ranking-profile-standfirst\">\nVoici les pr\u00e9visions m\u00e9t\u00e9o \u00e9tablies par la Direction g\u00e9n\u00e9rale de la m\u00e9t\u00e9orologie pour le samedi 10 janvier 2026:<br \/>\n\u2013 Temps assez froid <a href=\"https:\/\/h24info.ma\/maroc\/societe\/alerte-meteo-vague-de-froid-de-vendredi-a-dimanche-dans-plusieurs-provinces\/\" style=\"color:#002fff;\" rel=\"nofollow noopener\" target=\"_blank\">Lire la suite<\/a> <\/p>\n<p><a href=\"https:\/\/h24info.ma\/maroc\/societe\/neige-a-oujda-la-dgm-devoile-les-raisons-dun-phenomene-exceptionnel\/\" class=\"h24-ranking-profile-link\" data-h24-domain=\"H24info\" rel=\"nofollow noopener\" target=\"_blank\"><\/p>\n<p>Neige \u00e0 Oujda: la DGM d\u00e9voile les raisons d\u2019un ph\u00e9nom\u00e8ne exceptionnel<br \/>\n<\/a><\/p>\n<p class=\"h24-ranking-profile-standfirst\">\nVoici les pr\u00e9visions m\u00e9t\u00e9o \u00e9tablies par la Direction g\u00e9n\u00e9rale de la m\u00e9t\u00e9orologie pour le samedi 10 janvier 2026:<br \/>\n\u2013 Temps assez froid <a href=\"https:\/\/h24info.ma\/maroc\/societe\/neige-a-oujda-la-dgm-devoile-les-raisons-dun-phenomene-exceptionnel\/\" style=\"color:#002fff;\" rel=\"nofollow noopener\" target=\"_blank\">Lire la suite<\/a> <\/p>\n<p><a href=\"https:\/\/h24info.ma\/h24\/meteo-quel-temps-fera-t-il-ce-jeudi-08-janvier\/\" class=\"h24-ranking-profile-link\" data-h24-domain=\"H24info\" rel=\"nofollow noopener\" target=\"_blank\"><\/p>\n<p>M\u00e9t\u00e9o: quel temps fera-t-il ce jeudi 08 janvier ?<br \/>\n<\/a><\/p>\n<p class=\"h24-ranking-profile-standfirst\">\nVoici les pr\u00e9visions m\u00e9t\u00e9o \u00e9tablies par la Direction g\u00e9n\u00e9rale de la m\u00e9t\u00e9orologie pour le samedi 10 janvier 2026:<br \/>\n\u2013 Temps assez froid <a href=\"https:\/\/h24info.ma\/h24\/meteo-quel-temps-fera-t-il-ce-jeudi-08-janvier\/\" style=\"color:#002fff;\" rel=\"nofollow noopener\" target=\"_blank\">Lire la suite<\/a> <\/p>\n","protected":false},"excerpt":{"rendered":"La r\u00e9daction vous conseille M\u00e9t\u00e9o: les couleurs du ciel ce vendredi 9 janvier Voici les pr\u00e9visions m\u00e9t\u00e9o \u00e9tablies&hellip;\n","protected":false},"author":2,"featured_media":14918,"comment_status":"","ping_status":"","sticky":false,"template":"","format":"standard","meta":{"footnotes":""},"categories":[41],"tags":[158],"class_list":{"0":"post-14917","1":"post","2":"type-post","3":"status-publish","4":"format-standard","5":"has-post-thumbnail","7":"category-maroc","8":"tag-maroc"},"share_on_mastodon":{"url":"","error":""},"_links":{"self":[{"href":"https:\/\/www.europesays.com\/africa\/wp-json\/wp\/v2\/posts\/14917","targetHints":{"allow":["GET"]}}],"collection":[{"href":"https:\/\/www.europesays.com\/africa\/wp-json\/wp\/v2\/posts"}],"about":[{"href":"https:\/\/www.europesays.com\/africa\/wp-json\/wp\/v2\/types\/post"}],"author":[{"embeddable":true,"href":"https:\/\/www.europesays.com\/africa\/wp-json\/wp\/v2\/users\/2"}],"replies":[{"embeddable":true,"href":"https:\/\/www.europesays.com\/africa\/wp-json\/wp\/v2\/comments?post=14917"}],"version-history":[{"count":0,"href":"https:\/\/www.europesays.com\/africa\/wp-json\/wp\/v2\/posts\/14917\/revisions"}],"wp:featuredmedia":[{"embeddable":true,"href":"https:\/\/www.europesays.com\/africa\/wp-json\/wp\/v2\/media\/14918"}],"wp:attachment":[{"href":"https:\/\/www.europesays.com\/africa\/wp-json\/wp\/v2\/media?parent=14917"}],"wp:term":[{"taxonomy":"category","embeddable":true,"href":"https:\/\/www.europesays.com\/africa\/wp-json\/wp\/v2\/categories?post=14917"},{"taxonomy":"post_tag","embeddable":true,"href":"https:\/\/www.europesays.com\/africa\/wp-json\/wp\/v2\/tags?post=14917"}],"curies":[{"name":"wp","href":"https:\/\/api.w.org\/{rel}","templated":true}]}}