{"id":14934,"date":"2026-01-10T09:55:09","date_gmt":"2026-01-10T09:55:09","guid":{"rendered":"https:\/\/www.europesays.com\/africa\/14934\/"},"modified":"2026-01-10T09:55:09","modified_gmt":"2026-01-10T09:55:09","slug":"les-grosses-performances-dhicham-boudaoui-a-la-can-avec-lalgerie-agitent-le-mercato","status":"publish","type":"post","link":"https:\/\/www.europesays.com\/africa\/14934\/","title":{"rendered":"les grosses performances d\u2019Hicham Boudaoui \u00e0 la CAN avec l\u2019Alg\u00e9rie agitent le mercato"},"content":{"rendered":"<p>Il y a des joueurs qui participent \u00e0 un tournoi, et il y a ceux qui le marquent de leur empreinte. Si l\u2019Alg\u00e9rie, qualifi\u00e9e pour les quarts de finale, affiche un visage s\u00e9duisant dans cette <a href=\"https:\/\/www.footmercato.net\/afrique\/coupe-dafrique-des-nations\/\" rel=\"nofollow noopener\" target=\"_blank\">CAN<\/a> 2025, elle le doit en partie \u00e0 la m\u00e9tamorphose d\u2019un homme : <a href=\"https:\/\/www.footmercato.net\/joueur\/hichem-boudaoui\/\" rel=\"nofollow noopener\" target=\"_blank\">Hicham Boudaoui<\/a>. Souvent plac\u00e9, parfois d\u00e9plac\u00e9, parfois trahi par son corps par le pass\u00e9, le milieu de terrain de l\u2019OGC Nice semble avoir atteint, \u00e0 26 ans, la pl\u00e9nitude de ses moyens. C\u2019est toute la s\u00e9lection alg\u00e9rienne qui en profite et les supporters qui se d\u00e9lectent. Il suffit de regarder les r\u00e9seaux sociaux et les commentaires dithyrambiques des suiveurs et fans et des Fennecs pour s\u2019en convaincre.<\/p>\n<p>            La suite apr\u00e8s cette publicit\u00e9<\/p>\n<p>Il faut dire que les chiffres et les impressions visuelles ne mentent pas. Depuis le coup d\u2019envoi de la comp\u00e9tition, le &#8220;Prince de B\u00e9char&#8221; est partout. Passeur d\u00e9cisif pour Riyad Mahrez d\u2019une habile talonnade face au Soudan lors de l\u2019ouverture de la comp\u00e9tition, int\u00e9ressant face au Burkina Faso, l\u2019ancien de Paradou, laiss\u00e9 au repos pour le troisi\u00e8me match de poule face \u00e0 la Guin\u00e9e \u00e9quatoriale, a livr\u00e9 un v\u00e9ritable r\u00e9cital en huiti\u00e8me de finale face \u00e0 la R\u00e9publique d\u00e9mocratique du Congo avant-hier. R\u00e9cup\u00e9ration, orientation, projection : Boudaoui a tout fait et bonifie le jeu de ses partenaires. Il est devenu ce lien indispensable, cette &#8220;balance&#8221; parfaite entre la d\u00e9fense et l\u2019attaque que Vladimir Petkovic cherchait d\u00e9sesp\u00e9r\u00e9ment. Depuis son arriv\u00e9e \u00e0 la t\u00eate des Fennecs, le s\u00e9lectionneur des Verts en a fait son homme de base, un titulaire indiscutable qui le lui rend bien. Fini le jeune prodige de 2019 qui apprenait dans l\u2019ombre ; en 2026, le patron, c\u2019est lui.<\/p>\n<p>            La suite apr\u00e8s cette publicit\u00e9<\/p>\n<p>        Son impressionnante CAN ne laisse pas indiff\u00e9rent le Galatasaray et Brighton<\/p>\n<p>Forc\u00e9ment, une telle d\u00e9bauche d\u2019\u00e9nergie et de talent ne passe pas inaper\u00e7ue en Europe, surtout en plein mois de janvier. Sous contrat avec les Aiglons jusqu\u2019en juin 2027, Boudaoui, d\u00e9j\u00e0 annonc\u00e9 sur le d\u00e9part l\u2019\u00e9t\u00e9 dernier, arrive \u00e0 un tournant. Si la tendance lourde reste un d\u00e9part l\u2019\u00e9t\u00e9 prochain (\u00e0 un an de la fin de son bail), ses prestations actuelles pourraient pr\u00e9cipiter les choses. Selon nos informations, plusieurs \u00e9curies europ\u00e9ennes sont venues aux renseignements ces derniers jours. <a href=\"https:\/\/www.footmercato.net\/club\/galatasaray-spor-kulubu\/\" rel=\"nofollow noopener\" target=\"_blank\">Galatasaray<\/a>, toujours friand de joueurs techniques et combatifs, a pris la temp\u00e9rature et surveille le dossier de tr\u00e8s pr\u00e8s. Mais la menace pourrait aussi venir d\u2019Angleterre, o\u00f9 <a href=\"https:\/\/www.footmercato.net\/club\/brighton-hove-albion-fc\/\" rel=\"nofollow noopener\" target=\"_blank\">Brighton<\/a> appr\u00e9cie \u00e9norm\u00e9ment son profil &#8220;box-to-box&#8221; moderne, capable de casser des lignes et de r\u00e9p\u00e9ter les efforts \u00e0 haute intensit\u00e9.<\/p>\n<p>Du c\u00f4t\u00e9 de la C\u00f4te d\u2019Azur, la position est d\u00e9licate. Perdre un tel \u00e9l\u00e9ment en janvier serait un coup dur sportif, mais \u00e9conomiquement, sa cote est \u00e0 son paroxysme. Si une offre qui peut satisfaire toutes les parties arrive sur le bureau de la direction ni\u00e7oise d\u2019ici le 2 f\u00e9vrier, la porte pourrait s\u2019entrouvrir, d\u2019autant que le club, qui se trouve dans une situation sportive pour le moins pr\u00e9caire, doit faire face \u00e0 une fin de contrat du joueur dans 18 mois avec un d\u00e9part quasiment in\u00e9luctable. On peut donc logiquement imaginer que <a href=\"https:\/\/www.footmercato.net\/club\/ogc-nice\/\" rel=\"nofollow noopener\" target=\"_blank\">Nice<\/a> sera attentif au march\u00e9 et ce, d\u00e8s cet hiver. <\/p>\n<p>            La suite apr\u00e8s cette publicit\u00e9<\/p>\n<p>Enfin, la valeur du joueur, arriv\u00e9 au Gym en 2019 et qui totalise 192 matches (14 buts et 15 passes d\u00e9cisives) toutes comp\u00e9titions confondues depuis son arriv\u00e9e, pourrait encore grimper en fl\u00e8che ce samedi. Pour rappel, <a href=\"https:\/\/www.footmercato.net\/live\/1530726450857634764-algerie-vs-nigeria\" rel=\"nofollow noopener\" target=\"_blank\">l\u2019Alg\u00e9rie affronte le Nigeria en quart de finale \u00e0 Marrakech pour un choc au sommet ce samedi (17h)<\/a>. Nul doute que lorsque Petkovic couchera les noms de son onze titulaire, le nom du milieu azur\u00e9en sera l\u2019un des premiers. Un nouveau match r\u00e9f\u00e9rence face aux Super Eagles, et le t\u00e9l\u00e9phone de l\u2019OGC Nice risque de ne plus s\u2019arr\u00eater de sonner.<\/p>\n<p>\n    Pub. le 10\/01\/2026 10:16<br \/>\n            &#8211; MAJ le 10\/01\/2026 10:51\n    <\/p>\n","protected":false},"excerpt":{"rendered":"Il y a des joueurs qui participent \u00e0 un tournoi, et il y a ceux qui le marquent&hellip;\n","protected":false},"author":2,"featured_media":14935,"comment_status":"","ping_status":"","sticky":false,"template":"","format":"standard","meta":{"footnotes":""},"categories":[254],"tags":[255],"class_list":{"0":"post-14934","1":"post","2":"type-post","3":"status-publish","4":"format-standard","5":"has-post-thumbnail","7":"category-algerie","8":"tag-algerie"},"share_on_mastodon":{"url":"","error":""},"_links":{"self":[{"href":"https:\/\/www.europesays.com\/africa\/wp-json\/wp\/v2\/posts\/14934","targetHints":{"allow":["GET"]}}],"collection":[{"href":"https:\/\/www.europesays.com\/africa\/wp-json\/wp\/v2\/posts"}],"about":[{"href":"https:\/\/www.europesays.com\/africa\/wp-json\/wp\/v2\/types\/post"}],"author":[{"embeddable":true,"href":"https:\/\/www.europesays.com\/africa\/wp-json\/wp\/v2\/users\/2"}],"replies":[{"embeddable":true,"href":"https:\/\/www.europesays.com\/africa\/wp-json\/wp\/v2\/comments?post=14934"}],"version-history":[{"count":0,"href":"https:\/\/www.europesays.com\/africa\/wp-json\/wp\/v2\/posts\/14934\/revisions"}],"wp:featuredmedia":[{"embeddable":true,"href":"https:\/\/www.europesays.com\/africa\/wp-json\/wp\/v2\/media\/14935"}],"wp:attachment":[{"href":"https:\/\/www.europesays.com\/africa\/wp-json\/wp\/v2\/media?parent=14934"}],"wp:term":[{"taxonomy":"category","embeddable":true,"href":"https:\/\/www.europesays.com\/africa\/wp-json\/wp\/v2\/categories?post=14934"},{"taxonomy":"post_tag","embeddable":true,"href":"https:\/\/www.europesays.com\/africa\/wp-json\/wp\/v2\/tags?post=14934"}],"curies":[{"name":"wp","href":"https:\/\/api.w.org\/{rel}","templated":true}]}}