{"id":14957,"date":"2026-01-10T10:09:08","date_gmt":"2026-01-10T10:09:08","guid":{"rendered":"https:\/\/www.europesays.com\/africa\/14957\/"},"modified":"2026-01-10T10:09:08","modified_gmt":"2026-01-10T10:09:08","slug":"apres-un-voyage-en-algerie-ce-globe-trotter-est-au-maroc-pour-soutenir-les-verts","status":"publish","type":"post","link":"https:\/\/www.europesays.com\/africa\/14957\/","title":{"rendered":"apr\u00e8s un voyage en Alg\u00e9rie, ce globe-trotter est au Maroc pour soutenir les Verts"},"content":{"rendered":"<p style=\"font-weight: 400;\">Depuis\u00a0<a href=\"https:\/\/www.visa-algerie.com\/ce-touriste-etranger-decouvre-lendroit-le-plus-luxueux-dalgerie\/\" target=\"_blank\" rel=\"noopener nofollow\" data-saferedirecturl=\"https:\/\/www.google.com\/url?q=https:\/\/www.visa-algerie.com\/ce-touriste-etranger-decouvre-lendroit-le-plus-luxueux-dalgerie\/&amp;source=gmail&amp;ust=1768123435966000&amp;usg=AOvVaw0zNyoKbGS-q6VEGBQHA9TB\">son voyage en Alg\u00e9rie<\/a>, un ressortissant n\u00e9erlandais \u00ab\u00a0est tomb\u00e9 amoureux du pays\u00a0\u00bb. Et pour exprimer cet amour, il est actuellement au Maroc pour supporter l\u2019\u00e9quipe nationale d\u2019Alg\u00e9rie \u00e0 la Coupe d\u2019Afrique des Nations CAN 2025.<\/p>\n<p style=\"font-weight: 400;\">Outre la l\u00e9gende de football d\u2019origine alg\u00e9rienne, Zinedine Zidane, qui ne rate aucune rencontre avec sa famille, l\u2019\u00e9quipe nationale d\u2019Alg\u00e9rie b\u00e9n\u00e9ficie aussi du soutien de plusieurs autres supporters particuliers lors de cette comp\u00e9tition africaine.<\/p>\n<p>\u00ab\u00a0Je suis maintenant au Maroc pour encourager l\u2019Alg\u00e9rie\u00a0\u00bb<\/p>\n<p style=\"font-weight: 400;\">Rencontr\u00e9 dans les gradins du Stade Moulay Hassan de Rabat, \u00e0 l\u2019issue du dernier match des Verts contre la RD Congo, le globe-trotter et cr\u00e9ateur de contenu de voyage Travel Tom affirme qu\u2019il est venu sp\u00e9cialement pour soutenir l\u2019Alg\u00e9rie.<\/p>\n<p style=\"font-weight: 400;\">\u00ab\u00a0Je suis venu des Pays-Bas pour soutenir l\u2019Alg\u00e9rie, car depuis que je l\u2019ai visit\u00e9, je suis tomb\u00e9 amoureux de ce pays qui est \u00e9galement tomb\u00e9 amoureux de moi\u00a0\u00bb, a d\u00e9clar\u00e9 l\u2019influenceur au micro du m\u00e9dia num\u00e9rique marocain\u00a0<a href=\"https:\/\/www.instagram.com\/reel\/DTLKS2iCBzc\/?igsh=MjhwZ2JjZjhyMDU3\" target=\"_blank\" rel=\"noopener nofollow\" data-saferedirecturl=\"https:\/\/www.google.com\/url?q=https:\/\/www.instagram.com\/reel\/DTLKS2iCBzc\/?igsh%3DMjhwZ2JjZjhyMDU3&amp;source=gmail&amp;ust=1768123435966000&amp;usg=AOvVaw3xrRttkW2O_5hsAU8RfJ-4\">We Love Buzz<\/a>.<\/p>\n<p style=\"font-weight: 400;\">Lors de son dernier voyage effectu\u00e9 en Alg\u00e9rie en mai dernier, ce globe-trotteur n\u00e9erlandais a retrac\u00e9 toutes les \u00e9tapes de son aventure en vid\u00e9o, devenues tr\u00e8s vite virales gr\u00e2ce aux internautes alg\u00e9riens.<\/p>\n<p style=\"font-weight: 400;\">\u00ab\u00a0Toutes mes vid\u00e9os sont devenues virales. Les Alg\u00e9riens m\u2019ont soutenu comme personne d\u2019autre\u00a0\u00bb, a ajout\u00e9 Tom, qui assiste \u00e0 la troisi\u00e8me Coupe d\u2019Afrique des Nations de l\u2019Alg\u00e9rie, pays pour lequel il t\u00e9moigne d\u2019un grand respect.<\/p>\n<p style=\"font-weight: 400;\">\u00ab\u00a0Je suis donc ici pour la troisi\u00e8me Coupe d\u2019Afrique pour soutenir l\u2019Alg\u00e9rie. Je suis \u00e9galement all\u00e9 au Cameroun et en C\u00f4te d\u2019Ivoire, et je suis maintenant au Maroc pour encourager l\u2019Alg\u00e9rie\u00a0\u00bb, dit-il encore, avant de lancer la fameuse r\u00e9plique\u00a0: \u00ab\u00a0One, two, three, viva l\u2019Alg\u00e9rie\u00a0\u00bb.<\/p>\n<p>\u00ab\u00a0Fier d\u2019\u00eatre un supporter de l\u2019Alg\u00e9rie\u00a0\u00bb<\/p>\n<p style=\"font-weight: 400;\">Sur son compte TikTok, qui compte 1,7\u00a0million d\u2019abonn\u00e9s, Tom a partag\u00e9 sa grande joie suite au magnifique\u00a0<a href=\"https:\/\/www.visa-algerie.com\/video-la-victoire-de-lequipe-nationale-dalgerie-celebree-en-plein-vol\/\" target=\"_blank\" rel=\"noopener nofollow\" data-saferedirecturl=\"https:\/\/www.google.com\/url?q=https:\/\/www.visa-algerie.com\/video-la-victoire-de-lequipe-nationale-dalgerie-celebree-en-plein-vol\/&amp;source=gmail&amp;ust=1768123435966000&amp;usg=AOvVaw3Z4B5wzLMCSyZ3yPkjAnt2\">but d\u2019Adil Boulbina<\/a>\u00a0\u00e0 la 119\u1d49\u00a0minute\u00a0face \u00e0 la RD Congo et qui a permis aux Fennecs de se qualifier en quart de finale.<\/p>\n<p style=\"font-weight: 400;\">\u00ab\u00a0Fier d\u2019\u00eatre un supporter de l\u2019Alg\u00e9rie. Le moment o\u00f9 Adil Boulbina a marqu\u00e9 ce but incroyable \u00e0 la 119\u1d49\u00a0minute\u00a0est tout simplement indescriptible ! Du pur bonheur, du soulagement et de la joie ! Le stade a explos\u00e9, les gens pleuraient, dansaient et versaient des larmes de joie\u00a0\u00bb, a-t-il r\u00e9agi en l\u00e9gende de la vid\u00e9o.<\/p>\n<p><a title=\"@traveltomtom\" href=\"https:\/\/www.tiktok.com\/@traveltomtom?refer=embed\" target=\"_blank\" rel=\"noopener nofollow\">@traveltomtom<\/a> National anthem of Algeria before the AFCON game against Burkina Faso! <a title=\"afcon2025\" href=\"https:\/\/www.tiktok.com\/tag\/afcon2025?refer=embed\" target=\"_blank\" rel=\"noopener nofollow\">#afcon2025<\/a> <a title=\"algeria\" href=\"https:\/\/www.tiktok.com\/tag\/algeria?refer=embed\" target=\"_blank\" rel=\"noopener nofollow\">#algeria<\/a> <a title=\"\u266c original sound - Traveltomtom\" href=\"https:\/\/www.tiktok.com\/music\/original-sound-7588984147595594518?refer=embed\" target=\"_blank\" rel=\"noopener nofollow\">\u266c original sound \u2013 Traveltomtom<\/a><\/p>\n<p style=\"font-weight: 400;\">Lors de l\u2019une des pr\u00e9c\u00e9dentes rencontres de l\u2019\u00e9quipe d\u2019Alg\u00e9rie, ce fervent supporter des Verts s\u2019est film\u00e9 tout enthousiaste dans les gradins au moment de la diffusion de l\u2019hymne national, portant un maillot flanqu\u00e9 d\u2019un drapeau national au milieu des supporters alg\u00e9riens.<\/p>\n<p>                            <script async src=\"\/\/www.instagram.com\/embed.js\"><\/script><script async src=\"\/\/www.tiktok.com\/embed.js\"><\/script><\/p>\n","protected":false},"excerpt":{"rendered":"Depuis\u00a0son voyage en Alg\u00e9rie, un ressortissant n\u00e9erlandais \u00ab\u00a0est tomb\u00e9 amoureux du pays\u00a0\u00bb. Et pour exprimer cet amour, il&hellip;\n","protected":false},"author":2,"featured_media":14958,"comment_status":"","ping_status":"","sticky":false,"template":"","format":"standard","meta":{"footnotes":""},"categories":[254],"tags":[255,3433],"class_list":{"0":"post-14957","1":"post","2":"type-post","3":"status-publish","4":"format-standard","5":"has-post-thumbnail","7":"category-algerie","8":"tag-algerie","9":"tag-algerie-voyage"},"share_on_mastodon":{"url":"","error":""},"_links":{"self":[{"href":"https:\/\/www.europesays.com\/africa\/wp-json\/wp\/v2\/posts\/14957","targetHints":{"allow":["GET"]}}],"collection":[{"href":"https:\/\/www.europesays.com\/africa\/wp-json\/wp\/v2\/posts"}],"about":[{"href":"https:\/\/www.europesays.com\/africa\/wp-json\/wp\/v2\/types\/post"}],"author":[{"embeddable":true,"href":"https:\/\/www.europesays.com\/africa\/wp-json\/wp\/v2\/users\/2"}],"replies":[{"embeddable":true,"href":"https:\/\/www.europesays.com\/africa\/wp-json\/wp\/v2\/comments?post=14957"}],"version-history":[{"count":0,"href":"https:\/\/www.europesays.com\/africa\/wp-json\/wp\/v2\/posts\/14957\/revisions"}],"wp:featuredmedia":[{"embeddable":true,"href":"https:\/\/www.europesays.com\/africa\/wp-json\/wp\/v2\/media\/14958"}],"wp:attachment":[{"href":"https:\/\/www.europesays.com\/africa\/wp-json\/wp\/v2\/media?parent=14957"}],"wp:term":[{"taxonomy":"category","embeddable":true,"href":"https:\/\/www.europesays.com\/africa\/wp-json\/wp\/v2\/categories?post=14957"},{"taxonomy":"post_tag","embeddable":true,"href":"https:\/\/www.europesays.com\/africa\/wp-json\/wp\/v2\/tags?post=14957"}],"curies":[{"name":"wp","href":"https:\/\/api.w.org\/{rel}","templated":true}]}}