{"id":14959,"date":"2026-01-10T10:10:25","date_gmt":"2026-01-10T10:10:25","guid":{"rendered":"https:\/\/www.europesays.com\/africa\/14959\/"},"modified":"2026-01-10T10:10:25","modified_gmt":"2026-01-10T10:10:25","slug":"iliman-ndiaye-ouvre-le-score-apres-la-boulette-du-gardien-du-mali","status":"publish","type":"post","link":"https:\/\/www.europesays.com\/africa\/14959\/","title":{"rendered":"Iliman Ndiaye ouvre le score apr\u00e8s la boulette du gardien du Mali"},"content":{"rendered":"<p>D\u00e9but de quarts de finale de la <a href=\"https:\/\/www.footmercato.net\/afrique\/coupe-dafrique-des-nations\/\" rel=\"nofollow noopener\" target=\"_blank\">CAN<\/a> ce vendredi au Maroc. \u00c0 Tanger, le <a href=\"https:\/\/www.footmercato.net\/selection\/senegal\/\" rel=\"nofollow noopener\" target=\"_blank\">S\u00e9n\u00e9gal<\/a> affronte le <a href=\"https:\/\/www.footmercato.net\/selection\/mali\/\" rel=\"nofollow noopener\" target=\"_blank\">Mali<\/a>. Et apr\u00e8s une premi\u00e8re p\u00e9riode ma\u00eetris\u00e9e par les Lions de la Teranga, ces derniers ont \u00e9t\u00e9 r\u00e9compens\u00e9s peu avant la demi-heure de jeu gr\u00e2ce \u00e0 Iliman Ndiaye. <\/p>\n<p>            La suite apr\u00e8s cette publicit\u00e9<\/p>\n<p>Apr\u00e8s un centre de Diatta, Djigui Diarra, le portier malien, a mal r\u00e9ceptionn\u00e9 le ballon et a laiss\u00e9 filer le ballon. Il n\u2019en fallait pas plus pour Iliman Ndiaye qui ne s\u2019est pas fait prier pour finir dans le but vide. Il faut d\u00e9sormais ma\u00eetriser la seconde p\u00e9riode en sup\u00e9riorit\u00e9 num\u00e9rique pour les S\u00e9n\u00e9galais afin de se qualifier en demi-finale. <\/p>\n<p>\n    Pub. le 09\/01\/2026 17:58<br \/>\n            &#8211; MAJ le 09\/01\/2026 19:06\n    <\/p>\n","protected":false},"excerpt":{"rendered":"D\u00e9but de quarts de finale de la CAN ce vendredi au Maroc. \u00c0 Tanger, le S\u00e9n\u00e9gal affronte le&hellip;\n","protected":false},"author":2,"featured_media":14916,"comment_status":"","ping_status":"","sticky":false,"template":"","format":"standard","meta":{"footnotes":""},"categories":[48],"tags":[159],"class_list":{"0":"post-14959","1":"post","2":"type-post","3":"status-publish","4":"format-standard","5":"has-post-thumbnail","7":"category-senegal","8":"tag-senegal"},"share_on_mastodon":{"url":"","error":""},"_links":{"self":[{"href":"https:\/\/www.europesays.com\/africa\/wp-json\/wp\/v2\/posts\/14959","targetHints":{"allow":["GET"]}}],"collection":[{"href":"https:\/\/www.europesays.com\/africa\/wp-json\/wp\/v2\/posts"}],"about":[{"href":"https:\/\/www.europesays.com\/africa\/wp-json\/wp\/v2\/types\/post"}],"author":[{"embeddable":true,"href":"https:\/\/www.europesays.com\/africa\/wp-json\/wp\/v2\/users\/2"}],"replies":[{"embeddable":true,"href":"https:\/\/www.europesays.com\/africa\/wp-json\/wp\/v2\/comments?post=14959"}],"version-history":[{"count":0,"href":"https:\/\/www.europesays.com\/africa\/wp-json\/wp\/v2\/posts\/14959\/revisions"}],"wp:featuredmedia":[{"embeddable":true,"href":"https:\/\/www.europesays.com\/africa\/wp-json\/wp\/v2\/media\/14916"}],"wp:attachment":[{"href":"https:\/\/www.europesays.com\/africa\/wp-json\/wp\/v2\/media?parent=14959"}],"wp:term":[{"taxonomy":"category","embeddable":true,"href":"https:\/\/www.europesays.com\/africa\/wp-json\/wp\/v2\/categories?post=14959"},{"taxonomy":"post_tag","embeddable":true,"href":"https:\/\/www.europesays.com\/africa\/wp-json\/wp\/v2\/tags?post=14959"}],"curies":[{"name":"wp","href":"https:\/\/api.w.org\/{rel}","templated":true}]}}