{"id":14978,"date":"2026-01-10T10:23:11","date_gmt":"2026-01-10T10:23:11","guid":{"rendered":"https:\/\/www.europesays.com\/africa\/14978\/"},"modified":"2026-01-10T10:23:11","modified_gmt":"2026-01-10T10:23:11","slug":"can-2025-un-choc-face-a-lalgerie-en-demie-serait-beau-pour-le-football-estime-le-coach-marocain-walid-regragui","status":"publish","type":"post","link":"https:\/\/www.europesays.com\/africa\/14978\/","title":{"rendered":"CAN 2025\u00a0: un choc face \u00e0 l\u2019Alg\u00e9rie en demie serait \u00ab\u00a0beau pour le football\u00a0\u00bb, estime le coach marocain Walid Regragui"},"content":{"rendered":"<p class=\"lp-f-subtitle-01\">Vainqueur du Cameroun vendredi, le Maroc pourrait retrouver en demi-finale son voisin \u00ab\u00a0fr\u00e8re\u00a0\u00bb de l\u2019Alg\u00e9rie, qui affronte ce samedi le Nigeria en quarts de finale de la comp\u00e9tition.<\/p>\n<p class=\"\">C\u2019est un rendez-vous attendu par tout un peuple, tout le Maghreb. Apr\u00e8s la <a href=\"https:\/\/www.leparisien.fr\/sports\/football\/coupe-d-afrique-des-nations\/maroc-cameroun-2-0-au-rendez-vous-de-leur-can-les-marocains-montent-en-puissance-et-sont-en-demi-finales-09-01-2026-DQHXW265DRHSVDAZBTEN26OGYI.php\" target=\"_blank\" rel=\"noreferrer nofollow noopener\">victoire du Maroc face au Cameroun vendredi (2-0)<\/a>, synonyme de qualification pour les demi-finales de la <a href=\"https:\/\/www.leparisien.fr\/sports\/football\/coupe-d-afrique-des-nations\/\" target=\"_blank\" rel=\"noreferrer nofollow noopener\">Coupe d\u2019Afrique des nations<\/a>, ils sont d\u00e9sormais des millions de supporters \u00e0 r\u00eaver d\u2019un choc face au voisin de <a href=\"https:\/\/www.leparisien.fr\/sports\/football\/algerie\/\" target=\"_blank\" rel=\"noreferrer nofollow noopener\">l\u2019Alg\u00e9rie <\/a>pour une place en finale. Les deux pays phares du <a href=\"https:\/\/www.leparisien.fr\/sports\/football\/\" target=\"_blank\" rel=\"noreferrer nofollow noopener\">football <\/a>maghr\u00e9bin et africain.<\/p>\n<p class=\"\">Pour que ce r\u00eave se r\u00e9alise, les Fennecs, qui se sont difficilement d\u00e9barrass\u00e9s du RD Congo en 8es de finale (1-0), devront hausser leur niveau face au Nigeria qu\u2019ils affrontent ce samedi \u00e0 17 heures en quarts de finale.<\/p>\n<p class=\"\">\u00ab \u00c0 ce niveau de la comp\u00e9tition, on n\u2019a pas de souhait, ce sont deux (l\u2019Alg\u00e9rie et le Nigeria) grandes nations du football, deux \u00e9quipes avec deux styles diff\u00e9rents, souligne le s\u00e9lectionneur du <a href=\"https:\/\/www.leparisien.fr\/sports\/football\/maroc\/\" target=\"_blank\" rel=\"noreferrer nofollow noopener\">Maroc<\/a> Walid Regragui lors de la conf\u00e9rence de presse apr\u00e8s la victoire contre le Cameroun. Maintenant, si c\u2019est l\u2019Alg\u00e9rie, ce sera un vrai derby. Je pense que ce sera m\u00eame historique en demi-finale. Ce serait beau pour le football aussi, entre deux peuples fr\u00e8res. Donc, si ce sont eux, on sera tr\u00e8s heureux parce que ce sera une grande f\u00eate aussi. Si c\u2019est le Nigeria, ce sera notre style. On ne souhaite personne. La meilleure \u00e9quipe passera et on devra affronter les meilleurs pour aller au bout. \u00bb R\u00e9ponse dans quelques heures.<\/p>\n","protected":false},"excerpt":{"rendered":"Vainqueur du Cameroun vendredi, le Maroc pourrait retrouver en demi-finale son voisin \u00ab\u00a0fr\u00e8re\u00a0\u00bb de l\u2019Alg\u00e9rie, qui affronte ce&hellip;\n","protected":false},"author":2,"featured_media":14979,"comment_status":"","ping_status":"","sticky":false,"template":"","format":"standard","meta":{"footnotes":""},"categories":[254],"tags":[255,360,311,264],"class_list":{"0":"post-14978","1":"post","2":"type-post","3":"status-publish","4":"format-standard","5":"has-post-thumbnail","7":"category-algerie","8":"tag-algerie","9":"tag-can","10":"tag-football","11":"tag-sports"},"share_on_mastodon":{"url":"","error":""},"_links":{"self":[{"href":"https:\/\/www.europesays.com\/africa\/wp-json\/wp\/v2\/posts\/14978","targetHints":{"allow":["GET"]}}],"collection":[{"href":"https:\/\/www.europesays.com\/africa\/wp-json\/wp\/v2\/posts"}],"about":[{"href":"https:\/\/www.europesays.com\/africa\/wp-json\/wp\/v2\/types\/post"}],"author":[{"embeddable":true,"href":"https:\/\/www.europesays.com\/africa\/wp-json\/wp\/v2\/users\/2"}],"replies":[{"embeddable":true,"href":"https:\/\/www.europesays.com\/africa\/wp-json\/wp\/v2\/comments?post=14978"}],"version-history":[{"count":0,"href":"https:\/\/www.europesays.com\/africa\/wp-json\/wp\/v2\/posts\/14978\/revisions"}],"wp:featuredmedia":[{"embeddable":true,"href":"https:\/\/www.europesays.com\/africa\/wp-json\/wp\/v2\/media\/14979"}],"wp:attachment":[{"href":"https:\/\/www.europesays.com\/africa\/wp-json\/wp\/v2\/media?parent=14978"}],"wp:term":[{"taxonomy":"category","embeddable":true,"href":"https:\/\/www.europesays.com\/africa\/wp-json\/wp\/v2\/categories?post=14978"},{"taxonomy":"post_tag","embeddable":true,"href":"https:\/\/www.europesays.com\/africa\/wp-json\/wp\/v2\/tags?post=14978"}],"curies":[{"name":"wp","href":"https:\/\/api.w.org\/{rel}","templated":true}]}}