{"id":14980,"date":"2026-01-10T10:24:06","date_gmt":"2026-01-10T10:24:06","guid":{"rendered":"https:\/\/www.europesays.com\/africa\/14980\/"},"modified":"2026-01-10T10:24:06","modified_gmt":"2026-01-10T10:24:06","slug":"la-mafia-du-sexe-a-malika-piegee-comment-les-enqueteurs-ont-fait-tomber-abdoulaye-faye","status":"publish","type":"post","link":"https:\/\/www.europesays.com\/africa\/14980\/","title":{"rendered":"La mafia du sexe \u00e0 Malika pi\u00e9g\u00e9e, comment les enqu\u00eateurs ont fait tomber Abdoulaye Faye"},"content":{"rendered":"<p>Dans la nuit du 8 au 9 janvier, la brigade de recherches du commissariat de Malika a proc\u00e9d\u00e9 \u00e0 l\u2019arrestation de trois individus impliqu\u00e9s dans un r\u00e9seau de prox\u00e9n\u00e9tisme, de prostitution clandestine et d\u2019incitation \u00e0 la d\u00e9bauche.            <\/p>\n<p class=\"pread\" style=\"background: #fff6d3;font-size:17px !important;padding:0px 0 16px 0;border:none;font-family:'source-sans-pro' !important;color:#444 !important;\">\n<p>La suite est r\u00e9serv\u00e9e \u00e0 nos abonn\u00e9s.<br \/>D\u00e9j\u00e0 abonn\u00e9 ? <a href=\"https:\/\/www.senenews.com\/login?redirect_to=https:\/\/www.senenews.com\/actualites\/la-mafia-du-sexe-a-malika-piegee-comment-les-enqueteurs-ont-fait-tomber-abdoulaye-faye_572130.html\" style=\"text-decoration: underline !important;font-weight: bold;\" rel=\"nofollow noopener\" target=\"_blank\">Se connecter<\/a><\/p>\n<p>Profitez de 3 mois offerts<br \/>et acc\u00e9dez \u00e0 tous nos contenus<br \/>sans aucune publicit\u00e9<\/p>\n<p style=\"text-align:center;font-size:14px;font-family:'source-sans-pro'\">\n<a href=\"https:\/\/www.senenews.com\/rejoignez-senenews-premium-pour-soutenir-une-redaction-libre-et-independante\" style=\"text-decoration:none!important;border-bottom:1px solid\" rel=\"nofollow noopener\" target=\"_blank\">Pourquoi vous devez soutenir l\u2019initiative Senenews Premium?<\/a><\/p>\n","protected":false},"excerpt":{"rendered":"Dans la nuit du 8 au 9 janvier, la brigade de recherches du commissariat de Malika a proc\u00e9d\u00e9&hellip;\n","protected":false},"author":2,"featured_media":14981,"comment_status":"","ping_status":"","sticky":false,"template":"","format":"standard","meta":{"footnotes":""},"categories":[48],"tags":[9908,161,9909,159,163,239],"class_list":{"0":"post-14980","1":"post","2":"type-post","3":"status-publish","4":"format-standard","5":"has-post-thumbnail","7":"category-senegal","8":"tag-abdoulaye-faye","9":"tag-articles-premium","10":"tag-malika","11":"tag-senegal","12":"tag-senegal-actualites","13":"tag-societe"},"share_on_mastodon":{"url":"","error":""},"_links":{"self":[{"href":"https:\/\/www.europesays.com\/africa\/wp-json\/wp\/v2\/posts\/14980","targetHints":{"allow":["GET"]}}],"collection":[{"href":"https:\/\/www.europesays.com\/africa\/wp-json\/wp\/v2\/posts"}],"about":[{"href":"https:\/\/www.europesays.com\/africa\/wp-json\/wp\/v2\/types\/post"}],"author":[{"embeddable":true,"href":"https:\/\/www.europesays.com\/africa\/wp-json\/wp\/v2\/users\/2"}],"replies":[{"embeddable":true,"href":"https:\/\/www.europesays.com\/africa\/wp-json\/wp\/v2\/comments?post=14980"}],"version-history":[{"count":0,"href":"https:\/\/www.europesays.com\/africa\/wp-json\/wp\/v2\/posts\/14980\/revisions"}],"wp:featuredmedia":[{"embeddable":true,"href":"https:\/\/www.europesays.com\/africa\/wp-json\/wp\/v2\/media\/14981"}],"wp:attachment":[{"href":"https:\/\/www.europesays.com\/africa\/wp-json\/wp\/v2\/media?parent=14980"}],"wp:term":[{"taxonomy":"category","embeddable":true,"href":"https:\/\/www.europesays.com\/africa\/wp-json\/wp\/v2\/categories?post=14980"},{"taxonomy":"post_tag","embeddable":true,"href":"https:\/\/www.europesays.com\/africa\/wp-json\/wp\/v2\/tags?post=14980"}],"curies":[{"name":"wp","href":"https:\/\/api.w.org\/{rel}","templated":true}]}}