{"id":14982,"date":"2026-01-10T10:25:07","date_gmt":"2026-01-10T10:25:07","guid":{"rendered":"https:\/\/www.europesays.com\/africa\/14982\/"},"modified":"2026-01-10T10:25:07","modified_gmt":"2026-01-10T10:25:07","slug":"le-maroc-aide-par-larbitrage-la-sortie-stupefiante-de-walid-regragui","status":"publish","type":"post","link":"https:\/\/www.europesays.com\/africa\/14982\/","title":{"rendered":"Le Maroc aid\u00e9 par l\u2019arbitrage : la sortie stup\u00e9fiante de Walid Regragui"},"content":{"rendered":"<p>Interrog\u00e9 apr\u00e8s la rencontre, Walid Regragui ne cache pas son irritation. Le s\u00e9lectionneur marocain estime que le proc\u00e8s est injuste et r\u00e9current depuis le d\u00e9but du tournoi.<\/p>\n<p>\u00ab\u00a0Depuis le d\u00e9but de la comp\u00e9tition, on sait o\u00f9 les gens veulent emmener le Maroc\u00a0\u00bb, l\u00e2che-t-il d\u2019embl\u00e9e en conf\u00e9rence de presse.<\/p>\n<p>Pour lui, l\u2019id\u00e9e d\u2019un Maroc favoris\u00e9 par le corps arbitral rel\u00e8ve d\u2019un r\u00e9cit entretenu de l\u2019ext\u00e9rieur. Une lecture qu\u2019il r\u00e9fute fermement, rappelant que son \u00e9quipe se concentre sur le jeu, rien d\u2019autre.<\/p>\n","protected":false},"excerpt":{"rendered":"Interrog\u00e9 apr\u00e8s la rencontre, Walid Regragui ne cache pas son irritation. Le s\u00e9lectionneur marocain estime que le proc\u00e8s&hellip;\n","protected":false},"author":2,"featured_media":14983,"comment_status":"","ping_status":"","sticky":false,"template":"","format":"standard","meta":{"footnotes":""},"categories":[41],"tags":[146,9828,143,381,158,165,1115],"class_list":{"0":"post-14982","1":"post","2":"type-post","3":"status-publish","4":"format-standard","5":"has-post-thumbnail","7":"category-maroc","8":"tag-africa-cup-of-nations","9":"tag-b-mbeumo","10":"tag-cameroon","11":"tag-cameroun","12":"tag-maroc","13":"tag-morocco","14":"tag-w-regragui"},"share_on_mastodon":{"url":"","error":""},"_links":{"self":[{"href":"https:\/\/www.europesays.com\/africa\/wp-json\/wp\/v2\/posts\/14982","targetHints":{"allow":["GET"]}}],"collection":[{"href":"https:\/\/www.europesays.com\/africa\/wp-json\/wp\/v2\/posts"}],"about":[{"href":"https:\/\/www.europesays.com\/africa\/wp-json\/wp\/v2\/types\/post"}],"author":[{"embeddable":true,"href":"https:\/\/www.europesays.com\/africa\/wp-json\/wp\/v2\/users\/2"}],"replies":[{"embeddable":true,"href":"https:\/\/www.europesays.com\/africa\/wp-json\/wp\/v2\/comments?post=14982"}],"version-history":[{"count":0,"href":"https:\/\/www.europesays.com\/africa\/wp-json\/wp\/v2\/posts\/14982\/revisions"}],"wp:featuredmedia":[{"embeddable":true,"href":"https:\/\/www.europesays.com\/africa\/wp-json\/wp\/v2\/media\/14983"}],"wp:attachment":[{"href":"https:\/\/www.europesays.com\/africa\/wp-json\/wp\/v2\/media?parent=14982"}],"wp:term":[{"taxonomy":"category","embeddable":true,"href":"https:\/\/www.europesays.com\/africa\/wp-json\/wp\/v2\/categories?post=14982"},{"taxonomy":"post_tag","embeddable":true,"href":"https:\/\/www.europesays.com\/africa\/wp-json\/wp\/v2\/tags?post=14982"}],"curies":[{"name":"wp","href":"https:\/\/api.w.org\/{rel}","templated":true}]}}