{"id":15072,"date":"2026-01-10T11:21:06","date_gmt":"2026-01-10T11:21:06","guid":{"rendered":"https:\/\/www.europesays.com\/africa\/15072\/"},"modified":"2026-01-10T11:21:06","modified_gmt":"2026-01-10T11:21:06","slug":"la-sicap-passe-a-loffensive-judiciaire-face-a-ses-locataires-defaillants","status":"publish","type":"post","link":"https:\/\/www.europesays.com\/africa\/15072\/","title":{"rendered":"La Sicap passe \u00e0 l\u2019offensive judiciaire face \u00e0 ses locataires d\u00e9faillants"},"content":{"rendered":"<p style=\"text-align: justify;\">La Soci\u00e9t\u00e9 immobili\u00e8re du Cap-Vert (Sicap) fait face \u00e0 une vague de locataires qui ne respectent pas leurs engagements financiers. Ces derniers se sont install\u00e9s dans des programmes immobiliers sans honorer leurs obligations contractuelles, poussant l\u2019entreprise \u00e0 recourir massivement \u00e0 la justice. <\/p>\n<p style=\"text-align: justify;\">\u00a0 <\/p>\n<p style=\"text-align: justify;\">Le 6 janvier 2026, la 2\u00e8me Chambre civile du tribunal hors classe de Dakar a rendu une s\u00e9rie de d\u00e9cisions favorables \u00e0 la Sicap. Pas moins de 13 condamnations ont \u00e9t\u00e9 prononc\u00e9es, repr\u00e9sentant un montant global de 269.922.943 francs CFA \u00e0 r\u00e9cup\u00e9rer, lit-on dans les colonnes du journal Lib\u00e9ration de ce samedi.\u00a0 <\/p>\n<p style=\"text-align: justify;\">\u00a0 <\/p>\n<p style=\"text-align: justify;\">Parmi les jugements rendus, A. Diaw devra s\u2019acquitter de 2.688.698 francs CFA pour des loyers non pay\u00e9s. A.M. Fall est condamn\u00e9 \u00e0 verser 36.880.766 francs CFA, tandis qu\u2019I. Ndiaye doit r\u00e9gler 53.804.248 francs CFA et D. Fall 17.181.842 francs CFA. <\/p>\n<p style=\"text-align: justify;\">\u00a0 <\/p>\n<p style=\"text-align: justify;\">D\u2019autres locataires figurent \u00e9galement sur la liste des condamnations : K. Koita (13.232.186 francs CFA), K. Wane (5.952.942 francs CFA), M.M. Sarr (57.804.248 francs CFA), M. Aidara (6.658.937 francs CFA), M. Ndiaye (1.242.569 francs CFA), O. Faye (3.070.060 francs CFA), S. S\u00e8ne (55.422.427 francs CFA), la soci\u00e9t\u00e9 Sirl Sarl (6.167.320 francs CFA) et S. Fall (9.815.900 francs CFA). <\/p>\n<p style=\"text-align: justify;\">\u00a0 <\/p>\n<p style=\"text-align: justify;\">Cette offensive juridique ne s\u2019arr\u00eate pas l\u00e0. En effet, plusieurs autres dossiers similaires sont actuellement en cours d\u2019instruction devant les tribunaux. La Sicap se dit d\u00e9termin\u00e9e \u00e0 recouvrer l\u2019ensemble des sommes qui lui sont dues. <\/p>\n","protected":false},"excerpt":{"rendered":"La Soci\u00e9t\u00e9 immobili\u00e8re du Cap-Vert (Sicap) fait face \u00e0 une vague de locataires qui ne respectent pas leurs&hellip;\n","protected":false},"author":2,"featured_media":15073,"comment_status":"","ping_status":"","sticky":false,"template":"","format":"standard","meta":{"footnotes":""},"categories":[48],"tags":[64,274,279,273,277,278,271,281,283,272,280,276,275,159,282],"class_list":{"0":"post-15072","1":"post","2":"type-post","3":"status-publish","4":"format-standard","5":"has-post-thumbnail","7":"category-senegal","8":"tag-afrique","9":"tag-aliou-cisse","10":"tag-amadou-ba","11":"tag-apr","12":"tag-bassirou-diomaye-faye","13":"tag-bathelemy-dias","14":"tag-dakar","15":"tag-el-malick-ndiaye","16":"tag-guy-marius-sagna","17":"tag-macky-sall","18":"tag-madiambal-diagne","19":"tag-ousmane-sonko","20":"tag-pastef","21":"tag-senegal","22":"tag-ziguinchor"},"share_on_mastodon":{"url":"","error":""},"_links":{"self":[{"href":"https:\/\/www.europesays.com\/africa\/wp-json\/wp\/v2\/posts\/15072","targetHints":{"allow":["GET"]}}],"collection":[{"href":"https:\/\/www.europesays.com\/africa\/wp-json\/wp\/v2\/posts"}],"about":[{"href":"https:\/\/www.europesays.com\/africa\/wp-json\/wp\/v2\/types\/post"}],"author":[{"embeddable":true,"href":"https:\/\/www.europesays.com\/africa\/wp-json\/wp\/v2\/users\/2"}],"replies":[{"embeddable":true,"href":"https:\/\/www.europesays.com\/africa\/wp-json\/wp\/v2\/comments?post=15072"}],"version-history":[{"count":0,"href":"https:\/\/www.europesays.com\/africa\/wp-json\/wp\/v2\/posts\/15072\/revisions"}],"wp:featuredmedia":[{"embeddable":true,"href":"https:\/\/www.europesays.com\/africa\/wp-json\/wp\/v2\/media\/15073"}],"wp:attachment":[{"href":"https:\/\/www.europesays.com\/africa\/wp-json\/wp\/v2\/media?parent=15072"}],"wp:term":[{"taxonomy":"category","embeddable":true,"href":"https:\/\/www.europesays.com\/africa\/wp-json\/wp\/v2\/categories?post=15072"},{"taxonomy":"post_tag","embeddable":true,"href":"https:\/\/www.europesays.com\/africa\/wp-json\/wp\/v2\/tags?post=15072"}],"curies":[{"name":"wp","href":"https:\/\/api.w.org\/{rel}","templated":true}]}}