{"id":15074,"date":"2026-01-10T11:22:11","date_gmt":"2026-01-10T11:22:11","guid":{"rendered":"https:\/\/www.europesays.com\/africa\/15074\/"},"modified":"2026-01-10T11:22:11","modified_gmt":"2026-01-10T11:22:11","slug":"le-discours-enflamme-de-samuel-etoo-apres-lelimination-contre-le-maroc","status":"publish","type":"post","link":"https:\/\/www.europesays.com\/africa\/15074\/","title":{"rendered":"le discours enflamm\u00e9 de Samuel Eto\u2019o apr\u00e8s l\u2019\u00e9limination contre le Maroc"},"content":{"rendered":"<p>\u00c9limin\u00e9 en quarts de finale de la <a href=\"https:\/\/www.footmercato.net\/afrique\/coupe-dafrique-des-nations\/\" rel=\"nofollow noopener\" target=\"_blank\">CAN<\/a> 2025 <a href=\"https:\/\/www.footmercato.net\/live\/3695277713654544876-cameroun-vs-maroc\" rel=\"nofollow noopener\" target=\"_blank\">apr\u00e8s une d\u00e9faite face au Maroc (2-0)<\/a>, le <a href=\"https:\/\/www.footmercato.net\/selection\/cameroun\/\" rel=\"nofollow noopener\" target=\"_blank\">Cameroun<\/a> a pu compter sur la prise de parole forte de <a href=\"https:\/\/www.footmercato.net\/joueur\/samuel-etoo-fils\/\" rel=\"nofollow noopener\" target=\"_blank\">Samuel<\/a> Eto\u2019o dans le vestiaire. Tr\u00e8s \u00e9mu, le pr\u00e9sident de la F\u00e9d\u00e9ration camerounaise de football a tenu \u00e0 saluer l\u2019attitude et le parcours de ses joueurs. \u00ab Je veux vous dire d\u2019\u00eatre fiers de vous-m\u00eames et de ce que vous avez fait pendant cette comp\u00e9tition \u00bb, a-t-il lanc\u00e9, appelant le groupe \u00e0 rester digne et uni malgr\u00e9 la d\u00e9ception, tout en soulignant que \u00ab des millions de Camerounais sont fiers de vous \u00bb.<\/p>\n<p>            La suite apr\u00e8s cette publicit\u00e9<\/p>\n<p>Assumant ses choix forts avant la comp\u00e9tition, notamment le remplacement du s\u00e9lectionneur, Eto\u2019o a insist\u00e9 sur l\u2019\u00e9tat d\u2019esprit affich\u00e9 par les Lions indomptables. \u00ab Peu importe le r\u00e9sultat, nous avons vu une \u00e9quipe d\u2019hommes et une \u00e9quipe de Camerounais \u00bb, a-t-il affirm\u00e9, avant de se projeter clairement vers l\u2019avenir. D\u00e9termin\u00e9, l\u2019ancien capitaine a conclu par un message ambitieux : \u00ab la prochaine CAN, on vient pour la gagner ! (\u2026) On va prendre notre revanche \u00bb. Un discours mobilisateur, accueilli par l\u2019hymne national entonn\u00e9 par les joueurs dans un vestiaire charg\u00e9 d\u2019\u00e9motion.<\/p>\n<p>\n    Pub. le 10\/01\/2026 10:44<br \/>\n            &#8211; MAJ le 10\/01\/2026 12:20\n    <\/p>\n","protected":false},"excerpt":{"rendered":"\u00c9limin\u00e9 en quarts de finale de la CAN 2025 apr\u00e8s une d\u00e9faite face au Maroc (2-0), le Cameroun&hellip;\n","protected":false},"author":2,"featured_media":15075,"comment_status":"","ping_status":"","sticky":false,"template":"","format":"standard","meta":{"footnotes":""},"categories":[41],"tags":[158],"class_list":{"0":"post-15074","1":"post","2":"type-post","3":"status-publish","4":"format-standard","5":"has-post-thumbnail","7":"category-maroc","8":"tag-maroc"},"share_on_mastodon":{"url":"","error":""},"_links":{"self":[{"href":"https:\/\/www.europesays.com\/africa\/wp-json\/wp\/v2\/posts\/15074","targetHints":{"allow":["GET"]}}],"collection":[{"href":"https:\/\/www.europesays.com\/africa\/wp-json\/wp\/v2\/posts"}],"about":[{"href":"https:\/\/www.europesays.com\/africa\/wp-json\/wp\/v2\/types\/post"}],"author":[{"embeddable":true,"href":"https:\/\/www.europesays.com\/africa\/wp-json\/wp\/v2\/users\/2"}],"replies":[{"embeddable":true,"href":"https:\/\/www.europesays.com\/africa\/wp-json\/wp\/v2\/comments?post=15074"}],"version-history":[{"count":0,"href":"https:\/\/www.europesays.com\/africa\/wp-json\/wp\/v2\/posts\/15074\/revisions"}],"wp:featuredmedia":[{"embeddable":true,"href":"https:\/\/www.europesays.com\/africa\/wp-json\/wp\/v2\/media\/15075"}],"wp:attachment":[{"href":"https:\/\/www.europesays.com\/africa\/wp-json\/wp\/v2\/media?parent=15074"}],"wp:term":[{"taxonomy":"category","embeddable":true,"href":"https:\/\/www.europesays.com\/africa\/wp-json\/wp\/v2\/categories?post=15074"},{"taxonomy":"post_tag","embeddable":true,"href":"https:\/\/www.europesays.com\/africa\/wp-json\/wp\/v2\/tags?post=15074"}],"curies":[{"name":"wp","href":"https:\/\/api.w.org\/{rel}","templated":true}]}}