{"id":15096,"date":"2026-01-10T11:36:06","date_gmt":"2026-01-10T11:36:06","guid":{"rendered":"https:\/\/www.europesays.com\/africa\/15096\/"},"modified":"2026-01-10T11:36:06","modified_gmt":"2026-01-10T11:36:06","slug":"le-senegal-et-le-maroc-en-demi-finale","status":"publish","type":"post","link":"https:\/\/www.europesays.com\/africa\/15096\/","title":{"rendered":"Le S\u00e9n\u00e9gal et le Maroc en demi finale"},"content":{"rendered":"<p style=\"text-align: justify;\" data-start=\"115\" data-end=\"275\">D\u00e9but des quarts de finale de la CAN 2025 avec d\u00e9j\u00e0 deux affiches tr\u00e8s all\u00e9chantes. Le S\u00e9n\u00e9gal ouvrait le bal face au Mali tandis qu\u2019un Maroc tr\u00e8s attendu d\u00e9fiait le Cameroun.<\/p>\n<p>Mali 0-1 S\u00e9n\u00e9gal : Victoire logique des Lions de la Teranga<\/p>\n<p style=\"text-align: justify;\" data-start=\"342\" data-end=\"1936\">\u00c0 Tanger, Maliens et S\u00e9n\u00e9galais se sont disput\u00e9 le premier billet pour le dernier carr\u00e9 de cette CAN 2025. Si le S\u00e9n\u00e9gal a rapidement pris la mesure d\u2019une \u00e9quipe malienne qui avait d\u00e9cid\u00e9 de proc\u00e9der en contre, les joueurs de Pape Thiaw se sont quand m\u00eame fait peur lorsque Koulibaly a d\u00e9s\u00e9quilibr\u00e9 Sinayoko dans la surface de r\u00e9paration (4\u2019). Heureusement pour eux, l\u2019arbitre n\u2019a pas bronch\u00e9. Pass\u00e9e cette frayeur, les S\u00e9n\u00e9galais se sont montr\u00e9s dangereux sur une frappe de Pape Gueye (10\u2019). La rencontre bascule lorsque Diarra, le gardien malien, juge mal un centre de Diarra qui arrive directement dans les pieds d\u2019Iliman Ndiaye, qui n\u2019a plus qu\u2019\u00e0 marquer (1-0 : 28\u2019). Les affaires se corsent pour les Maliens lorsque Bissouma est exclu suite \u00e0 un tacle dangereux sur Gana Gueye (45\u2019). En deuxi\u00e8me mi-temps, les Aigles n\u2019abdiquent pas, \u00e0 l\u2019image de cette frappe de Sinayoko capt\u00e9e par Mendy (47\u2019). Diaby est m\u00eame proche d\u2019\u00e9galiser sur une nouvelle tentative, mais Mendy veille au grain (58\u2019). Toutefois, les partenaires de Sadio Man\u00e9 reprennent les commandes du match face \u00e0 des Maliens qui se sont progressivement \u00e9teints dans la derni\u00e8re demi-heure du match. Lamine Camara aurait pu donner plus de marge \u00e0 son \u00e9quipe, mais la frappe de l\u2019attaquant s\u00e9n\u00e9galais heurte le poteau (90\u2019+3). Au final, c\u2019est fort logiquement que le S\u00e9n\u00e9gal se qualifie pour les demi-finales de cette CAN 2025. Les Lions de la Teranga seront oppos\u00e9s au vainqueur du match entre la C\u00f4te d\u2019Ivoire et l\u2019\u00c9gypte pour une place en finale. De son c\u00f4t\u00e9, le Mali quitte la comp\u00e9tition sans avoir gagn\u00e9 la moindre rencontre.<\/p>\n<p>Cameroun 0-2 Maroc : Les Lions de l\u2019Atlas domptent le Cameroun<\/p>\n<p style=\"text-align: justify;\" data-start=\"2006\" data-end=\"3157\">\u00c0 Rabat, devant pr\u00e8s de 70 000 spectateurs, le Maroc affrontait le Cameroun avec l\u2019objectif de renouer avec un dernier carr\u00e9 qu\u2019il n\u2019a plus fr\u00e9quent\u00e9 depuis 2004. Face \u00e0 des Camerounais qui ont historiquement l\u2019habitude d\u2019\u00e9liminer le pays organisateur, les joueurs de Walid Regragui n\u2019ont pas laiss\u00e9 le doute s\u2019installer en r\u00e9ussissant leur entame de match. Une belle entame r\u00e9compens\u00e9e par l\u2019ouverture du score de Brahim Diaz (0-1), son 5e but en 5 matchs. Timor\u00e9s, les Lions indomptables n\u2019auront jamais \u00e9t\u00e9 en mesure de perturber la ma\u00eetrise marocaine, m\u00eame si Mbeumo aurait pu b\u00e9n\u00e9ficier d\u2019un penalty suite \u00e0 un contact avec Mesina (68\u2019). Sonn\u00e9s par cet avertissement sans frais, les Marocains repartent pied au plancher et parviennent logiquement \u00e0 doubler la mise par l\u2019interm\u00e9diaire d\u2019Isma\u00ebl Saibari, qui trompe le gardien camerounais d\u2019une belle frappe crois\u00e9e (0-2 : 74\u2019). Un but qui scelle d\u00e9finitivement la qualification des Lions de l\u2019Atlas pour les demi-finales, la premi\u00e8re depuis 22 ans. Les Marocains seront donc certainement attentifs \u00e0 l\u2019affrontement entre l\u2019Alg\u00e9rie et le Nigeria, puisque le vainqueur sera leur prochain adversaire.<\/p>\n<p>Programme du samedi 10 janvier<\/p>\n<p data-start=\"3195\" data-end=\"3249\">Alg\u00e9rie \u2013 Nigeria (17h)<br data-start=\"3218\" data-end=\"3221\"\/>\u00c9gypte \u2013 C\u00f4te d\u2019Ivoire (20h)<\/p>\n<p style=\"text-align: right;\" data-start=\"3251\" data-end=\"3265\" data-is-last-node=\"\" data-is-only-node=\"\">Youcef KHALOUA<\/p>\n<p>LIRE EGALEMENT : <a href=\"https:\/\/lagazettedufennec.com\/le-journal-de-la-can-2025-episode-14-lalgerie-crucifie-la-rd-congo-la-cote-divoire-qualifie-sans-trembler\/\" rel=\"nofollow noopener\" target=\"_blank\">Le journal de la CAN 2025 (\u00c9pisode 14): L\u2019Alg\u00e9rie crucifie la RD Congo, la C\u00f4te d\u2019Ivoire qualifi\u00e9 sans trembler<\/a><\/p>\n","protected":false},"excerpt":{"rendered":"D\u00e9but des quarts de finale de la CAN 2025 avec d\u00e9j\u00e0 deux affiches tr\u00e8s all\u00e9chantes. Le S\u00e9n\u00e9gal ouvrait&hellip;\n","protected":false},"author":2,"featured_media":15097,"comment_status":"","ping_status":"","sticky":false,"template":"","format":"standard","meta":{"footnotes":""},"categories":[48],"tags":[360,179,2343,159],"class_list":{"0":"post-15096","1":"post","2":"type-post","3":"status-publish","4":"format-standard","5":"has-post-thumbnail","7":"category-senegal","8":"tag-can","9":"tag-can-2025","10":"tag-coupe-dafrique-2025","11":"tag-senegal"},"share_on_mastodon":{"url":"","error":""},"_links":{"self":[{"href":"https:\/\/www.europesays.com\/africa\/wp-json\/wp\/v2\/posts\/15096","targetHints":{"allow":["GET"]}}],"collection":[{"href":"https:\/\/www.europesays.com\/africa\/wp-json\/wp\/v2\/posts"}],"about":[{"href":"https:\/\/www.europesays.com\/africa\/wp-json\/wp\/v2\/types\/post"}],"author":[{"embeddable":true,"href":"https:\/\/www.europesays.com\/africa\/wp-json\/wp\/v2\/users\/2"}],"replies":[{"embeddable":true,"href":"https:\/\/www.europesays.com\/africa\/wp-json\/wp\/v2\/comments?post=15096"}],"version-history":[{"count":0,"href":"https:\/\/www.europesays.com\/africa\/wp-json\/wp\/v2\/posts\/15096\/revisions"}],"wp:featuredmedia":[{"embeddable":true,"href":"https:\/\/www.europesays.com\/africa\/wp-json\/wp\/v2\/media\/15097"}],"wp:attachment":[{"href":"https:\/\/www.europesays.com\/africa\/wp-json\/wp\/v2\/media?parent=15096"}],"wp:term":[{"taxonomy":"category","embeddable":true,"href":"https:\/\/www.europesays.com\/africa\/wp-json\/wp\/v2\/categories?post=15096"},{"taxonomy":"post_tag","embeddable":true,"href":"https:\/\/www.europesays.com\/africa\/wp-json\/wp\/v2\/tags?post=15096"}],"curies":[{"name":"wp","href":"https:\/\/api.w.org\/{rel}","templated":true}]}}