{"id":15098,"date":"2026-01-10T11:37:06","date_gmt":"2026-01-10T11:37:06","guid":{"rendered":"https:\/\/www.europesays.com\/africa\/15098\/"},"modified":"2026-01-10T11:37:06","modified_gmt":"2026-01-10T11:37:06","slug":"previsions-meteorologiques-pour-dimanche-11-janvier-2026","status":"publish","type":"post","link":"https:\/\/www.europesays.com\/africa\/15098\/","title":{"rendered":"Pr\u00e9visions m\u00e9t\u00e9orologiques pour dimanche 11 janvier 2026"},"content":{"rendered":"<p><img fetchpriority=\"high\" width=\"750\" height=\"536\" src=\"https:\/\/www.europesays.com\/africa\/wp-content\/uploads\/2026\/01\/temperatures-e1706612650821.jpg\" class=\"attachment-full size-full wp-post-image\" alt=\"temp\u00e9ratures\" data-main-img=\"1\" decoding=\"async\"\/><\/p>\n<p>\t\t\tVoici les pr\u00e9visions m\u00e9t\u00e9orologiques \u00e9tablies par la Direction g\u00e9n\u00e9rale de la m\u00e9t\u00e9orologie pour le dimanche 11 janvier 2026 :<\/p>\n<p style=\"text-align: justify;\">\n\u2013 Temps assez froid avec gel\u00e9e locale sur les reliefs, l\u2019Oriental, le Sud-Est et les Hauts plateaux.<\/p>\n<p>\u2013 Nuages bas avec formations brumeuses sur les plaines nord et centre, l\u2019Oriental, le Saiss, les plateaux de Phosphates et d\u2019Oulm\u00e8s et le Nord-Ouest des provinces sahariennes.<\/p>\n<p>\u2013 Temps stable avec ciel assez d\u00e9gag\u00e9.<\/p>\n<p style=\"text-align: justify;\">Lire aussi :\u00a0<a style=\"color: #008000;\" href=\"https:\/\/maroc-diplomatique.net\/plus-de-55-400-km%c2%b2-sous-la-neige-le-maroc-face-a-un-episode-meteorologique\/\" rel=\"nofollow noopener\" target=\"_blank\">Plus de 55.400 km\u00b2 sous la neige : le Maroc face \u00e0 un \u00e9pisode m\u00e9t\u00e9orologique sans pr\u00e9c\u00e9dent<\/a><\/p>\n<p style=\"text-align: justify;\">\u2013 Temp\u00e9rature minimale de l\u2019ordre de -05\/00\u00b0C sur l\u2019Atlas, de 07\/12\u00b0C sur le Souss, le Nord-Ouest des provinces sahariennes et pr\u00e8s des c\u00f4tes et de 01\/07\u00b0C partout ailleurs.<\/p>\n<p>\u2013 Temp\u00e9ratures diurnes en hausse sur les provinces sahariennes et variant peu ailleurs.<\/p>\n<p>\u2013 Mer belle \u00e0 peu agit\u00e9e en M\u00e9diterran\u00e9e et sur le D\u00e9troit, agit\u00e9e entre Mehdia et Cap Ghir et peu agit\u00e9e \u00e0 agit\u00e9e sur le reste du littoral.<\/p>\n<p style=\"text-align: justify;\">Avec MAP<\/p>\n","protected":false},"excerpt":{"rendered":"Voici les pr\u00e9visions m\u00e9t\u00e9orologiques \u00e9tablies par la Direction g\u00e9n\u00e9rale de la m\u00e9t\u00e9orologie pour le dimanche 11 janvier 2026&hellip;\n","protected":false},"author":2,"featured_media":15099,"comment_status":"","ping_status":"","sticky":false,"template":"","format":"standard","meta":{"footnotes":""},"categories":[41],"tags":[2147,7323,9956,158,9957,9958],"class_list":{"0":"post-15098","1":"post","2":"type-post","3":"status-publish","4":"format-standard","5":"has-post-thumbnail","7":"category-maroc","8":"tag-dgm","9":"tag-froid","10":"tag-gelee","11":"tag-maroc","12":"tag-previsions","13":"tag-reliefs"},"share_on_mastodon":{"url":"","error":""},"_links":{"self":[{"href":"https:\/\/www.europesays.com\/africa\/wp-json\/wp\/v2\/posts\/15098","targetHints":{"allow":["GET"]}}],"collection":[{"href":"https:\/\/www.europesays.com\/africa\/wp-json\/wp\/v2\/posts"}],"about":[{"href":"https:\/\/www.europesays.com\/africa\/wp-json\/wp\/v2\/types\/post"}],"author":[{"embeddable":true,"href":"https:\/\/www.europesays.com\/africa\/wp-json\/wp\/v2\/users\/2"}],"replies":[{"embeddable":true,"href":"https:\/\/www.europesays.com\/africa\/wp-json\/wp\/v2\/comments?post=15098"}],"version-history":[{"count":0,"href":"https:\/\/www.europesays.com\/africa\/wp-json\/wp\/v2\/posts\/15098\/revisions"}],"wp:featuredmedia":[{"embeddable":true,"href":"https:\/\/www.europesays.com\/africa\/wp-json\/wp\/v2\/media\/15099"}],"wp:attachment":[{"href":"https:\/\/www.europesays.com\/africa\/wp-json\/wp\/v2\/media?parent=15098"}],"wp:term":[{"taxonomy":"category","embeddable":true,"href":"https:\/\/www.europesays.com\/africa\/wp-json\/wp\/v2\/categories?post=15098"},{"taxonomy":"post_tag","embeddable":true,"href":"https:\/\/www.europesays.com\/africa\/wp-json\/wp\/v2\/tags?post=15098"}],"curies":[{"name":"wp","href":"https:\/\/api.w.org\/{rel}","templated":true}]}}