{"id":15212,"date":"2026-01-10T12:50:08","date_gmt":"2026-01-10T12:50:08","guid":{"rendered":"https:\/\/www.europesays.com\/africa\/15212\/"},"modified":"2026-01-10T12:50:08","modified_gmt":"2026-01-10T12:50:08","slug":"can-2025-des-policiers-pris-a-partie-a-la-verriere-apres-la-victoire-du-maroc-contre-le-cameroun","status":"publish","type":"post","link":"https:\/\/www.europesays.com\/africa\/15212\/","title":{"rendered":"CAN 2025\u00a0: des policiers pris \u00e0 partie \u00e0 La Verri\u00e8re apr\u00e8s la victoire du Maroc contre le Cameroun"},"content":{"rendered":"<p class=\"paragraph text_align_left lp-f-body-02\">La CAN agite les quartiers. Des policiers ont \u00e9t\u00e9 pris \u00e0 partie tard vendredi soir \u00e0 La Verri\u00e8re, apr\u00e8s un match de la Coupe d\u2019Afrique des nations. Les incidents ont d\u00e9but\u00e9 apr\u00e8s le quart de finale de la comp\u00e9tition qui a vu <a href=\"https:\/\/www.leparisien.fr\/sports\/football\/coupe-d-afrique-des-nations\/le-maroc-brise-la-malediction-des-demi-finales-et-tout-un-pays-se-met-a-rever-de-la-can-on-veut-aller-jusquau-bout-10-01-2026-P5OLLHS3UNBL5B6EQYSJ25TGUQ.php\" target=\"_blank\" rel=\"noreferrer nofollow noopener\">la victoire (2-0) du pays h\u00f4te, le Maroc, sur le Cameroun<\/a> et sa qualification pour les demi-finales mercredi prochain.<\/p>\n<p class=\"\">Des policiers ont \u00e9t\u00e9 vis\u00e9s par des jets de projectile et des tirs de mortier. Un fonctionnaire a \u00e9t\u00e9 bless\u00e9. Trois personnes, mineures, ont \u00e9t\u00e9 interpell\u00e9es et plac\u00e9es en garde \u00e0 vue. \u00ab On ignore \u00e0 ce stade si elles ont \u00e9t\u00e9 les plus actives dans ces violences \u00bb, pr\u00e9cise une source proche de l\u2019affaire.<\/p>\n<p class=\"\">Les services de police ont pr\u00e9vu de d\u00e9ployer un nouveau dispositif cet apr\u00e8s-midi, \u00e0 l\u2019occasion de la rencontre Alg\u00e9rie &#8211; Nigeria pr\u00e9vue \u00e0 17 heures.<\/p>\n<p class=\"\">Le 8 janvier, alors que certaines villes de France avaient connu des incidents \u00e0 l\u2019issue d\u2019une rencontre de la comp\u00e9tition, le ministre de l\u2019Int\u00e9rieur <a href=\"https:\/\/www.leparisien.fr\/politique\/laurent-nunez\/\" rel=\"nofollow noopener\" target=\"_blank\">Laurent Nu\u00f1ez<\/a> a adress\u00e9 <a href=\"https:\/\/www.leparisien.fr\/sports\/football\/coupe-d-afrique-des-nations\/can-2025-la-mise-en-garde-du-ministere-de-linterieur-avant-les-quarts-de-finale-pour-eviter-de-nouveaux-debordements-09-01-2026-WM6Q4ZYCYBEABKZDPGPYAZXB7U.php\" target=\"_self\" rel=\"nofollow noopener\">un courrier \u00e0 l\u2019ensemble des pr\u00e9fets du pays<\/a> pour les alerter sur des risques de d\u00e9bordements. \u00ab Je souhaite que vous mobilisiez et coordonniez l\u2019ensemble des services plac\u00e9s sous votre autorit\u00e9 afin de pr\u00e9venir toute r\u00e9it\u00e9ration de ces troubles \u00e0 l\u2019ordre public \u00e0 l\u2019occasion des quarts de finale (\u2026) ainsi que des demi-finales qui se tiendront le 14 janvier 2026 \u00bb, a-t-il \u00e9crit aux repr\u00e9sentants de l\u2019\u00c9tat.<\/p>\n","protected":false},"excerpt":{"rendered":"La CAN agite les quartiers. Des policiers ont \u00e9t\u00e9 pris \u00e0 partie tard vendredi soir \u00e0 La Verri\u00e8re,&hellip;\n","protected":false},"author":2,"featured_media":15213,"comment_status":"","ping_status":"","sticky":false,"template":"","format":"standard","meta":{"footnotes":""},"categories":[41],"tags":[10016,158,8887],"class_list":{"0":"post-15212","1":"post","2":"type-post","3":"status-publish","4":"format-standard","5":"has-post-thumbnail","7":"category-maroc","8":"tag-ma-ville","9":"tag-maroc","10":"tag-yvelines"},"share_on_mastodon":{"url":"","error":""},"_links":{"self":[{"href":"https:\/\/www.europesays.com\/africa\/wp-json\/wp\/v2\/posts\/15212","targetHints":{"allow":["GET"]}}],"collection":[{"href":"https:\/\/www.europesays.com\/africa\/wp-json\/wp\/v2\/posts"}],"about":[{"href":"https:\/\/www.europesays.com\/africa\/wp-json\/wp\/v2\/types\/post"}],"author":[{"embeddable":true,"href":"https:\/\/www.europesays.com\/africa\/wp-json\/wp\/v2\/users\/2"}],"replies":[{"embeddable":true,"href":"https:\/\/www.europesays.com\/africa\/wp-json\/wp\/v2\/comments?post=15212"}],"version-history":[{"count":0,"href":"https:\/\/www.europesays.com\/africa\/wp-json\/wp\/v2\/posts\/15212\/revisions"}],"wp:featuredmedia":[{"embeddable":true,"href":"https:\/\/www.europesays.com\/africa\/wp-json\/wp\/v2\/media\/15213"}],"wp:attachment":[{"href":"https:\/\/www.europesays.com\/africa\/wp-json\/wp\/v2\/media?parent=15212"}],"wp:term":[{"taxonomy":"category","embeddable":true,"href":"https:\/\/www.europesays.com\/africa\/wp-json\/wp\/v2\/categories?post=15212"},{"taxonomy":"post_tag","embeddable":true,"href":"https:\/\/www.europesays.com\/africa\/wp-json\/wp\/v2\/tags?post=15212"}],"curies":[{"name":"wp","href":"https:\/\/api.w.org\/{rel}","templated":true}]}}