{"id":15329,"date":"2026-01-10T14:14:15","date_gmt":"2026-01-10T14:14:15","guid":{"rendered":"https:\/\/www.europesays.com\/africa\/15329\/"},"modified":"2026-01-10T14:14:15","modified_gmt":"2026-01-10T14:14:15","slug":"enceinte-et-sans-abri-sokhna-amy-boye-vit-dans-la-rue-avec-sa-fille-non-voyante-agee-de-6-ans-video","status":"publish","type":"post","link":"https:\/\/www.europesays.com\/africa\/15329\/","title":{"rendered":"Enceinte et sans abri, Sokhna Amy Boye vit dans la rue avec sa fille non-voyante \u00e2g\u00e9e de 6 ans (vid\u00e9o)"},"content":{"rendered":"<p class=\"firstp\">Sokhna Amy Boye, enceinte et sans abri, vit dans la rue avec sa fille de six ans, atteinte de c\u00e9cit\u00e9. La m\u00e8re se retrouve dans une situation critique, expos\u00e9e au froid et aux dangers de la vie dans la rue, et lance un appel urgent \u00e0 l\u2019aide.<\/p>\n<p>Son histoire bouleverse et interpelle : malgr\u00e9 sa vuln\u00e9rabilit\u00e9, elle tente de subvenir aux besoins de sa fille, mais les ressources lui font cruellement d\u00e9faut. Les associations, citoyens et bonnes volont\u00e9s sont invit\u00e9s \u00e0 venir en aide \u00e0 cette famille en d\u00e9tresse, afin de leur offrir un toit et un minimum de s\u00e9curit\u00e9.\n<\/p>\n<p>Tout geste de solidarit\u00e9 peut changer leur quotidien. Aidez <a href=\"https:\/\/www.senenews.com\/actualites\/fatoumata-diallo-gravement-malade-demande-de-laide-ces-images-qui-touchent-les-internautes-video_550026.html\" rel=\"nofollow noopener\" target=\"_blank\">Sokhna et sa fille<\/a> avant que la situation ne se d\u00e9t\u00e9riore davantage.<\/p>\n","protected":false},"excerpt":{"rendered":"Sokhna Amy Boye, enceinte et sans abri, vit dans la rue avec sa fille de six ans, atteinte&hellip;\n","protected":false},"author":2,"featured_media":15330,"comment_status":"","ping_status":"","sticky":false,"template":"","format":"standard","meta":{"footnotes":""},"categories":[48],"tags":[159,163,239,10062],"class_list":{"0":"post-15329","1":"post","2":"type-post","3":"status-publish","4":"format-standard","5":"has-post-thumbnail","7":"category-senegal","8":"tag-senegal","9":"tag-senegal-actualites","10":"tag-societe","11":"tag-sokhna-amy-boye"},"share_on_mastodon":{"url":"","error":""},"_links":{"self":[{"href":"https:\/\/www.europesays.com\/africa\/wp-json\/wp\/v2\/posts\/15329","targetHints":{"allow":["GET"]}}],"collection":[{"href":"https:\/\/www.europesays.com\/africa\/wp-json\/wp\/v2\/posts"}],"about":[{"href":"https:\/\/www.europesays.com\/africa\/wp-json\/wp\/v2\/types\/post"}],"author":[{"embeddable":true,"href":"https:\/\/www.europesays.com\/africa\/wp-json\/wp\/v2\/users\/2"}],"replies":[{"embeddable":true,"href":"https:\/\/www.europesays.com\/africa\/wp-json\/wp\/v2\/comments?post=15329"}],"version-history":[{"count":0,"href":"https:\/\/www.europesays.com\/africa\/wp-json\/wp\/v2\/posts\/15329\/revisions"}],"wp:featuredmedia":[{"embeddable":true,"href":"https:\/\/www.europesays.com\/africa\/wp-json\/wp\/v2\/media\/15330"}],"wp:attachment":[{"href":"https:\/\/www.europesays.com\/africa\/wp-json\/wp\/v2\/media?parent=15329"}],"wp:term":[{"taxonomy":"category","embeddable":true,"href":"https:\/\/www.europesays.com\/africa\/wp-json\/wp\/v2\/categories?post=15329"},{"taxonomy":"post_tag","embeddable":true,"href":"https:\/\/www.europesays.com\/africa\/wp-json\/wp\/v2\/tags?post=15329"}],"curies":[{"name":"wp","href":"https:\/\/api.w.org\/{rel}","templated":true}]}}