{"id":15331,"date":"2026-01-10T14:15:09","date_gmt":"2026-01-10T14:15:09","guid":{"rendered":"https:\/\/www.europesays.com\/africa\/15331\/"},"modified":"2026-01-10T14:15:09","modified_gmt":"2026-01-10T14:15:09","slug":"can-2025-quand-on-veut-tuer-son-chien-on-dit-quil-a-la-rage-regragui-repond-aux-attaques-sur-larbitrage-qui-visent-le-maroc","status":"publish","type":"post","link":"https:\/\/www.europesays.com\/africa\/15331\/","title":{"rendered":"CAN 2025\u00a0: \u00ab\u00a0Quand on veut tuer son chien, on dit qu\u2019il a la rage\u00a0\u00bb\u2026 Regragui r\u00e9pond aux attaques sur l\u2019arbitrage qui visent le Maroc"},"content":{"rendered":"<p class=\"paragraph text_align_left lp-f-body-02\">Une col\u00e8re froide, contenue mais bien palpable. Alors que le <a href=\"https:\/\/www.leparisien.fr\/sports\/football\/maroc\/\" target=\"_blank\" rel=\"noreferrer nofollow noopener\">Maroc<\/a> venait de <a href=\"https:\/\/www.leparisien.fr\/sports\/football\/coupe-d-afrique-des-nations\/maroc-cameroun-2-0-au-rendez-vous-de-leur-can-les-marocains-montent-en-puissance-et-sont-en-demi-finales-09-01-2026-DQHXW265DRHSVDAZBTEN26OGYI.php\" target=\"_blank\" rel=\"noreferrer nofollow noopener\">d\u00e9crocher son ticket pour le dernier carr\u00e9<\/a> de la<a href=\"https:\/\/www.leparisien.fr\/sports\/football\/coupe-d-afrique-des-nations\/\" target=\"_blank\" rel=\"noreferrer nofollow noopener\"> Coupe d\u2019Afrique des nations<\/a> apr\u00e8s son succ\u00e8s sur le <a href=\"https:\/\/www.leparisien.fr\/sports\/football\/cameroun\/\" target=\"_blank\" rel=\"noreferrer nofollow noopener\">Cameroun<\/a> (2-0), vendredi, le s\u00e9lectionneur marocain <a href=\"https:\/\/www.leparisien.fr\/sports\/football\/coupe-d-afrique-des-nations\/le-maroc-a-les-armes-mais-devra-gerer-lenorme-pression-pour-regragui-la-can-2025-est-la-competition-dune-vie-21-12-2025-NETAR4DIOFGPLPIJXBJ4SDK7FI.php\" target=\"_blank\" rel=\"noreferrer nofollow noopener\">Walid Regragui<\/a> a \u00e9t\u00e9 interrog\u00e9 en conf\u00e9rence de presse par un journaliste camerounais sur la possible bienveillance de l\u2019arbitrage dont b\u00e9n\u00e9ficieraient les Lions de l\u2019Atlas depuis le d\u00e9but de la comp\u00e9tition. Une comp\u00e9tition qu\u2019ils organisent.<\/p>\n<p class=\"\">En cause notamment, une faute litigieuse sur Bryan Mbeumo dans la surface de r\u00e9paration marocaine \u00e0 la 68e minute, non siffl\u00e9e par l\u2019arbitre alors que le score n\u2019\u00e9tait que de 1-0. Un p\u00e9nalty aurait pu changer le cours du match. <a href=\"https:\/\/www.leparisien.fr\/sports\/football\/coupe-d-afrique-des-nations\/on-savait-a-quoi-sattendre-la-colere-du-cameroun-contre-larbitrage-apres-un-possible-penalty-non-siffle-contre-le-maroc-09-01-2026-LRWGMKZ4RJHALITCS3NQ6HWK44.php\" target=\"_blank\" rel=\"noreferrer nofollow noopener\">La d\u00e9cision a d\u2019ailleurs provoqu\u00e9 une vague de r\u00e9actions et la pol\u00e9mique<\/a>.<\/p>\n<p class=\"\">Des attaques injustes pour le s\u00e9lectionneur de la s\u00e9lection marocaine de <a href=\"https:\/\/www.leparisien.fr\/sports\/football\/\" target=\"_blank\" rel=\"noreferrer nofollow noopener\">football<\/a>. \u00ab\u00a0On sait que depuis le d\u00e9but de la comp\u00e9tition beaucoup veulent croire ou faire croire aux gens qu\u2019on a des avantages au niveau du corps arbitral, cingle Regragui. Moi j\u2019ai plut\u00f4t vu des p\u00e9naltys qui auraient pu \u00eatre siffl\u00e9s pour nous.\u00a0\u00bb<\/p>\n<p class=\"\">Le s\u00e9lectionneur indique qu\u2019il ne \u00ab\u00a0parle jamais de l\u2019arbitrage\u00a0\u00bb et rappelle que lui-m\u00eame avait \u00e9t\u00e9 victime \u00ab\u00a0d\u2019un p\u00e9nalty non siffl\u00e9 contre l\u2019Afrique du Sud (en 8es de finale de la CAN 2023 en C\u00f4te d\u2019Ivoire)\u00a0\u00bb et qu\u2019il avait \u00e9t\u00e9 \u00ab\u00a0suspendu sans aucune raison\u00a0\u00bb.<\/p>\n<p>\u00ab\u00a0Jouer sur ce terrain n\u2019est pas fair-play\u00a0\u00bb<\/p>\n<p class=\"\">\u00ab\u00a0On gagne sur le terrain, les statistiques nous donnent meilleurs que les autres, on se cr\u00e9e plus d\u2019opportunit\u00e9s que l\u2019adversaire, affirme l\u2019int\u00e9ress\u00e9. Apr\u00e8s c\u2019est facile, quand on veut tuer son chien, on dit qu\u2019il a la rage. On est l\u2019\u00e9quipe \u00e0 battre donc on va trouver toutes les raisons pour dire que le Maroc est avantag\u00e9 par l\u2019arbitrage mais le seul avantage qu\u2019a le Maroc est de jouer devant 65\u00a0000 spectateurs. On m\u00e9rite notre victoire.\u00a0\u00bb<\/p>\n<p class=\"\">Et de poursuivre en estimant que \u00ab\u00a0jouer sur ce terrain n\u2019est pas fair-play de la part des gens qui veulent nous voir tomber\u00a0\u00bb. \u00ab\u00a0La meilleure \u00e9quipe gagnera cette CAN, inch\u2019Allah\u00a0(si Allah le veut) \u00bb, a conclu Walid Regragui.<\/p>\n","protected":false},"excerpt":{"rendered":"Une col\u00e8re froide, contenue mais bien palpable. Alors que le Maroc venait de d\u00e9crocher son ticket pour le&hellip;\n","protected":false},"author":2,"featured_media":15332,"comment_status":"","ping_status":"","sticky":false,"template":"","format":"standard","meta":{"footnotes":""},"categories":[41],"tags":[360,311,158,264],"class_list":{"0":"post-15331","1":"post","2":"type-post","3":"status-publish","4":"format-standard","5":"has-post-thumbnail","7":"category-maroc","8":"tag-can","9":"tag-football","10":"tag-maroc","11":"tag-sports"},"share_on_mastodon":{"url":"","error":""},"_links":{"self":[{"href":"https:\/\/www.europesays.com\/africa\/wp-json\/wp\/v2\/posts\/15331","targetHints":{"allow":["GET"]}}],"collection":[{"href":"https:\/\/www.europesays.com\/africa\/wp-json\/wp\/v2\/posts"}],"about":[{"href":"https:\/\/www.europesays.com\/africa\/wp-json\/wp\/v2\/types\/post"}],"author":[{"embeddable":true,"href":"https:\/\/www.europesays.com\/africa\/wp-json\/wp\/v2\/users\/2"}],"replies":[{"embeddable":true,"href":"https:\/\/www.europesays.com\/africa\/wp-json\/wp\/v2\/comments?post=15331"}],"version-history":[{"count":0,"href":"https:\/\/www.europesays.com\/africa\/wp-json\/wp\/v2\/posts\/15331\/revisions"}],"wp:featuredmedia":[{"embeddable":true,"href":"https:\/\/www.europesays.com\/africa\/wp-json\/wp\/v2\/media\/15332"}],"wp:attachment":[{"href":"https:\/\/www.europesays.com\/africa\/wp-json\/wp\/v2\/media?parent=15331"}],"wp:term":[{"taxonomy":"category","embeddable":true,"href":"https:\/\/www.europesays.com\/africa\/wp-json\/wp\/v2\/categories?post=15331"},{"taxonomy":"post_tag","embeddable":true,"href":"https:\/\/www.europesays.com\/africa\/wp-json\/wp\/v2\/tags?post=15331"}],"curies":[{"name":"wp","href":"https:\/\/api.w.org\/{rel}","templated":true}]}}