{"id":15432,"date":"2026-01-10T15:29:06","date_gmt":"2026-01-10T15:29:06","guid":{"rendered":"https:\/\/www.europesays.com\/africa\/15432\/"},"modified":"2026-01-10T15:29:06","modified_gmt":"2026-01-10T15:29:06","slug":"linstitut-elcano-analyse-le-tournant-strategique-de-lespagne","status":"publish","type":"post","link":"https:\/\/www.europesays.com\/africa\/15432\/","title":{"rendered":"l\u2019Institut Elcano analyse le tournant strat\u00e9gique de l\u2019Espagne"},"content":{"rendered":"<p>\t\t\t\u00c0 la lumi\u00e8re d\u2019une analyse de l\u2019Institut royal Elcano, l\u2019\u00e9volution de la position de l\u2019Espagne sur le Sahara marocain appara\u00eet comme le r\u00e9sultat d\u2019un choix strat\u00e9gique assum\u00e9, guid\u00e9 par le r\u00e9alisme diplomatique et par la place centrale occup\u00e9e par le Maroc dans l\u2019\u00e9quilibre s\u00e9curitaire et politique du flanc sud de l\u2019Europe.<\/p>\n<p style=\"text-align: justify;\">Selon cette analyse, publi\u00e9e le 7 janvier 2026, Madrid a progressivement ajust\u00e9 sa posture sous l\u2019effet combin\u00e9 de consid\u00e9rations g\u00e9opolitiques, de l\u2019\u00e9volution des rapports de force internationaux et de la centralit\u00e9 strat\u00e9gique du Maroc dans son environnement m\u00e9ridional. Cette inflexion, loin de relever d\u2019une conjoncture passag\u00e8re, s\u2019inscrit dans une lecture pragmatique des int\u00e9r\u00eats fondamentaux de l\u2019\u00c9tat espagnol, dans un contexte o\u00f9 la stabilit\u00e9 du sud de l\u2019Europe est devenue un enjeu prioritaire.<\/p>\n<p style=\"text-align: justify;\">L\u2019Institut souligne que le tournant op\u00e9r\u00e9 en mars 2022, lorsque le chef du gouvernement espagnol, Pedro S\u00e1nchez, a qualifi\u00e9 le plan d\u2019autonomie marocain de \u00ab proposition la plus s\u00e9rieuse, r\u00e9aliste et cr\u00e9dible \u00bb pour r\u00e9soudre le diff\u00e9rend r\u00e9gional autour du Sahara, constitue l\u2019aboutissement d\u2019un long processus de maturation politique.<\/p>\n<p style=\"text-align: justify;\">Ce positionnement marque une rupture assum\u00e9e avec une neutralit\u00e9 formelle observ\u00e9e pendant pr\u00e8s de quarante-cinq ans. Il traduit surtout, selon l\u2019Institut Elcano, une prise de conscience accrue du r\u00f4le central du Maroc dans des domaines jug\u00e9s strat\u00e9giques par l\u2019Espagne, notamment la s\u00e9curit\u00e9 r\u00e9gionale, la gestion des flux migratoires, la coop\u00e9ration \u00e9conomique et la lutte contre le terrorisme.<\/p>\n<p style=\"text-align: justify;\">Lire aussi : <\/p>\n<p style=\"text-align: justify;\">D\u2019apr\u00e8s l\u2019analyse, cette inflexion r\u00e9pond avant tout \u00e0 une logique de r\u00e9alisme diplomatique. L\u2019Espagne a d\u00fb composer avec une configuration g\u00e9opolitique profond\u00e9ment transform\u00e9e, marqu\u00e9e par l\u2019alignement croissant de plusieurs grandes puissances en faveur de la solution d\u2019autonomie propos\u00e9e par le Royaume du Maroc.<\/p>\n<p style=\"text-align: justify;\">Le rapport rappelle ainsi que les \u00c9tats-Unis, la France et, plus r\u00e9cemment, plusieurs capitales europ\u00e9ennes consid\u00e8rent d\u00e9sormais cette option comme la voie la plus praticable pour parvenir \u00e0 une solution durable, dans le cadre du processus onusien conduit sous l\u2019\u00e9gide des Nations unies.<\/p>\n<p style=\"text-align: justify;\">L\u2019Institut met \u00e9galement en exergue la centralit\u00e9 du Maroc dans l\u2019environnement strat\u00e9gique m\u00e9ridional de l\u2019Espagne. La proximit\u00e9 g\u00e9ographique, l\u2019intensit\u00e9 des \u00e9changes humains et \u00e9conomiques, ainsi que l\u2019interd\u00e9pendance s\u00e9curitaire entre les deux pays font du Royaume un partenaire incontournable pour Madrid.<\/p>\n<p style=\"text-align: justify;\">Le document souligne, \u00e0 cet \u00e9gard, que le Maroc dispose d\u2019une capacit\u00e9 d\u2019influence significative sur plusieurs dossiers sensibles pour l\u2019Espagne, notamment le contr\u00f4le des flux migratoires, la coop\u00e9ration antiterroriste et la s\u00e9curit\u00e9 maritime. Dans ce contexte, le maintien d\u2019une relation de confiance durable appara\u00eet, selon l\u2019Institut, comme un imp\u00e9ratif strat\u00e9gique.<\/p>\n<p style=\"text-align: justify;\">L\u2019\u00e9tude estime par ailleurs que ce repositionnement ouvre de nouvelles perspectives pour l\u2019Espagne. En soutenant une solution d\u2019autonomie avanc\u00e9e, Madrid pourrait jouer un r\u00f4le constructif dans l\u2019accompagnement et la cr\u00e9dibilisation d\u2019un mod\u00e8le de gouvernance dot\u00e9 de larges comp\u00e9tences, inspir\u00e9 de sa propre exp\u00e9rience en mati\u00e8re d\u2019autonomies r\u00e9gionales. Cette approche permettrait, selon l\u2019analyse, de concilier pragmatisme diplomatique et stabilit\u00e9 r\u00e9gionale.<\/p>\n<p style=\"text-align: justify;\">En conclusion, l\u2019Institut Elcano consid\u00e8re que l\u2019ajustement de la position espagnole sur le Sahara marocain ne rel\u00e8ve pas d\u2019un revirement improvis\u00e9, mais d\u2019une lecture strat\u00e9gique coh\u00e9rente. Dans un environnement r\u00e9gional marqu\u00e9 par l\u2019incertitude, l\u2019Espagne aurait fait le choix du r\u00e9alisme et de la responsabilit\u00e9, en reconnaissant la centralit\u00e9 du Maroc comme acteur cl\u00e9 de la stabilit\u00e9 au sud de la M\u00e9diterran\u00e9e.<\/p>\n","protected":false},"excerpt":{"rendered":"\u00c0 la lumi\u00e8re d\u2019une analyse de l\u2019Institut royal Elcano, l\u2019\u00e9volution de la position de l\u2019Espagne sur le Sahara&hellip;\n","protected":false},"author":2,"featured_media":15433,"comment_status":"","ping_status":"","sticky":false,"template":"","format":"standard","meta":{"footnotes":""},"categories":[41],"tags":[1184,4605,158,7888,5023],"class_list":{"0":"post-15432","1":"post","2":"type-post","3":"status-publish","4":"format-standard","5":"has-post-thumbnail","7":"category-maroc","8":"tag-diplomatie","9":"tag-espagne","10":"tag-maroc","11":"tag-sahara","12":"tag-strategie"},"share_on_mastodon":{"url":"","error":""},"_links":{"self":[{"href":"https:\/\/www.europesays.com\/africa\/wp-json\/wp\/v2\/posts\/15432","targetHints":{"allow":["GET"]}}],"collection":[{"href":"https:\/\/www.europesays.com\/africa\/wp-json\/wp\/v2\/posts"}],"about":[{"href":"https:\/\/www.europesays.com\/africa\/wp-json\/wp\/v2\/types\/post"}],"author":[{"embeddable":true,"href":"https:\/\/www.europesays.com\/africa\/wp-json\/wp\/v2\/users\/2"}],"replies":[{"embeddable":true,"href":"https:\/\/www.europesays.com\/africa\/wp-json\/wp\/v2\/comments?post=15432"}],"version-history":[{"count":0,"href":"https:\/\/www.europesays.com\/africa\/wp-json\/wp\/v2\/posts\/15432\/revisions"}],"wp:featuredmedia":[{"embeddable":true,"href":"https:\/\/www.europesays.com\/africa\/wp-json\/wp\/v2\/media\/15433"}],"wp:attachment":[{"href":"https:\/\/www.europesays.com\/africa\/wp-json\/wp\/v2\/media?parent=15432"}],"wp:term":[{"taxonomy":"category","embeddable":true,"href":"https:\/\/www.europesays.com\/africa\/wp-json\/wp\/v2\/categories?post=15432"},{"taxonomy":"post_tag","embeddable":true,"href":"https:\/\/www.europesays.com\/africa\/wp-json\/wp\/v2\/tags?post=15432"}],"curies":[{"name":"wp","href":"https:\/\/api.w.org\/{rel}","templated":true}]}}