{"id":15516,"date":"2026-01-10T16:25:06","date_gmt":"2026-01-10T16:25:06","guid":{"rendered":"https:\/\/www.europesays.com\/africa\/15516\/"},"modified":"2026-01-10T16:25:06","modified_gmt":"2026-01-10T16:25:06","slug":"le-terminal-de-casablanca-a-deja-accueilli-53-navires","status":"publish","type":"post","link":"https:\/\/www.europesays.com\/africa\/15516\/","title":{"rendered":"Le terminal de Casablanca a d\u00e9j\u00e0 accueilli 53 navires"},"content":{"rendered":"<p>Depuis son inauguration le 18 septembre 2025 par Sa Majest\u00e9 le Roi Mohammed VI, le nouveau terminal de croisi\u00e8res du port de Casablanca a enregistr\u00e9 une dynamique encourageante, avec l\u2019accueil de 53 navires\/paquebots pour un total de 93.970 passagers, indique l\u2019Agence Nationale des Ports (ANP).<\/p>\n<p>Dans un communiqu\u00e9 mettant en avant les premi\u00e8res r\u00e9alisations de ce nouveau terminal, l\u2019ANP souligne que ces chiffres illustrent l\u2019int\u00e9r\u00eat croissant des armateurs pour Casablanca et les retomb\u00e9es positives attendues pour l\u2019\u00e9conomie locale et l\u2019\u00e9cosyst\u00e8me touristique.<\/p>\n<p>La m\u00eame source fait savoir que la concession d\u2019exploitation du terminal a \u00e9t\u00e9 confi\u00e9e \u00e0 Global Ports Holding (GPH), \u00e0 travers la soci\u00e9t\u00e9 Casablanca Cruise Port, depuis le 1er janvier 2026 par l\u2019ANP, acteur international de r\u00e9f\u00e9rence dans la gestion et l\u2019exploitation de terminaux de croisi\u00e8res.<\/p>\n<p>L\u2019ANP rel\u00e8ve que ce partenariat strat\u00e9gique permet \u00e0 Casablanca de b\u00e9n\u00e9ficier d\u2019une expertise op\u00e9rationnelle de premier plan et d\u2019un acc\u00e8s privil\u00e9gi\u00e9 aux r\u00e9seaux mondiaux de compagnies de croisi\u00e8res, renfor\u00e7ant ainsi la visibilit\u00e9 et l\u2019attractivit\u00e9 de la destination sur les itin\u00e9raires mondiaux.<\/p>\n<p>Con\u00e7u comme une v\u00e9ritable porte d\u2019entr\u00e9e embl\u00e9matique du Royaume, le terminal de croisi\u00e8res du port de Casablanca qui a accueilli le premier paquebot en date du 26 septembre 2025, offre aux croisi\u00e9ristes des conditions d\u2019accueil r\u00e9pondant aux plus hauts standards internationaux, alliant confort, fluidit\u00e9 des parcours et qualit\u00e9 de service, \u00e0 l\u2019image du rayonnement de la m\u00e9tropole \u00e9conomique du Royaume, pr\u00e9cise le communiqu\u00e9.<\/p>\n<p>Et d\u2019ajouter que ce projet s\u2019inscrit pleinement dans la strat\u00e9gie nationale de modernisation des infrastructures portuaires et de d\u00e9veloppement du tourisme maritime port\u00e9e par l\u2019ANP.<\/p>\n<p>\u00c0 travers ce projet structurant, le port de Casablanca r\u00e9affirme son ambition de s\u2019imposer durablement comme un hub de croisi\u00e8re de r\u00e9f\u00e9rence sur la fa\u00e7ade atlantique et m\u00e9diterran\u00e9enne, contribuant ainsi au rayonnement du Maroc et au renforcement de son attractivit\u00e9 touristique \u00e0 l\u2019\u00e9chelle internationale, conclut le communiqu\u00e9.<\/p>\n","protected":false},"excerpt":{"rendered":"Depuis son inauguration le 18 septembre 2025 par Sa Majest\u00e9 le Roi Mohammed VI, le nouveau terminal de&hellip;\n","protected":false},"author":2,"featured_media":15517,"comment_status":"","ping_status":"","sticky":false,"template":"","format":"standard","meta":{"footnotes":""},"categories":[41],"tags":[3869,3874,3873,3870,3872,158,3871],"class_list":{"0":"post-15516","1":"post","2":"type-post","3":"status-publish","4":"format-standard","5":"has-post-thumbnail","7":"category-maroc","8":"tag-actualite-maroc","9":"tag-akhbar","10":"tag-journal","11":"tag-journal-maroc","12":"tag-lavieeco","13":"tag-maroc","14":"tag-press-maroc"},"share_on_mastodon":{"url":"","error":""},"_links":{"self":[{"href":"https:\/\/www.europesays.com\/africa\/wp-json\/wp\/v2\/posts\/15516","targetHints":{"allow":["GET"]}}],"collection":[{"href":"https:\/\/www.europesays.com\/africa\/wp-json\/wp\/v2\/posts"}],"about":[{"href":"https:\/\/www.europesays.com\/africa\/wp-json\/wp\/v2\/types\/post"}],"author":[{"embeddable":true,"href":"https:\/\/www.europesays.com\/africa\/wp-json\/wp\/v2\/users\/2"}],"replies":[{"embeddable":true,"href":"https:\/\/www.europesays.com\/africa\/wp-json\/wp\/v2\/comments?post=15516"}],"version-history":[{"count":0,"href":"https:\/\/www.europesays.com\/africa\/wp-json\/wp\/v2\/posts\/15516\/revisions"}],"wp:featuredmedia":[{"embeddable":true,"href":"https:\/\/www.europesays.com\/africa\/wp-json\/wp\/v2\/media\/15517"}],"wp:attachment":[{"href":"https:\/\/www.europesays.com\/africa\/wp-json\/wp\/v2\/media?parent=15516"}],"wp:term":[{"taxonomy":"category","embeddable":true,"href":"https:\/\/www.europesays.com\/africa\/wp-json\/wp\/v2\/categories?post=15516"},{"taxonomy":"post_tag","embeddable":true,"href":"https:\/\/www.europesays.com\/africa\/wp-json\/wp\/v2\/tags?post=15516"}],"curies":[{"name":"wp","href":"https:\/\/api.w.org\/{rel}","templated":true}]}}