{"id":15534,"date":"2026-01-10T16:38:48","date_gmt":"2026-01-10T16:38:48","guid":{"rendered":"https:\/\/www.europesays.com\/africa\/15534\/"},"modified":"2026-01-10T16:38:48","modified_gmt":"2026-01-10T16:38:48","slug":"la-journaliste-et-actrice-maria-diop-alias-mareme-de-lady-diama-sest-mariee-lheureux-elu-est-lhomme-daffaires-photo","status":"publish","type":"post","link":"https:\/\/www.europesays.com\/africa\/15534\/","title":{"rendered":"La journaliste et actrice Maria Diop alias Mar\u00e8me de &#8220;Lady Diama s&#8217;est mari\u00e9e, l&#8217;heureux \u00e9lu est l\u2019homme d\u2019affaires&#8230; (photo)"},"content":{"rendered":"<p class=\"firstp\">Maria Diop, connue pour ses talents de journaliste, actrice et sc\u00e9nariste, a officialis\u00e9 son mariage ce 10 janvier 2026 via une publication sur ses r\u00e9seaux sociaux.<\/p>\n<p>L\u2019heureux \u00e9lu est<a href=\"https:\/\/www.senenews.com\/senenews-people\/cybersecurite-auditionnee-apres-la-plainte-de-nefertiti-sow-maria-diop-refuse-de-supprimer-ses-publications_543431.html\" rel=\"nofollow noopener\" target=\"_blank\"> Cheikh Ba,<\/a> discret homme d\u2019affaires et fils de Mactar Ba, ancien banquier. Ancien enfant de troupe, Cheikh Ba a poursuivi ses \u00e9tudes \u00e0 l\u2019\u00c9cole Sup\u00e9rieure Polytechnique avant de se lancer dans le monde des affaires.\n<\/p>\n<p>La r\u00e9daction de SeneNews adresse \u00e0 Maria Diop et Cheikh Ba ses v\u0153ux de bonheur et leur souhaite une vie conjugale \u00e9panouie et prosp\u00e8re.<\/p>\n<p><img loading=\"lazy\" decoding=\"async\" class=\"alignnone wp-image-572174 size-full\" src=\"https:\/\/www.europesays.com\/africa\/wp-content\/uploads\/2026\/01\/maria-diop.png\" alt=\"maria diop - Senenews - Actualit\u00e9 au S\u00e9n\u00e9gal, Politique, \u00c9conomie, Sport\" width=\"687\" height=\"763\" title=\"Al khayri : La journaliste et actrice Maria Diop alias Mar\u00e8me de &quot;Lady Diama s'est mari\u00e9e, l'heureux \u00e9lu est l\u2019homme d\u2019affaires... (photo) 4\"  \/><\/p>\n","protected":false},"excerpt":{"rendered":"Maria Diop, connue pour ses talents de journaliste, actrice et sc\u00e9nariste, a officialis\u00e9 son mariage ce 10 janvier&hellip;\n","protected":false},"author":2,"featured_media":15535,"comment_status":"","ping_status":"","sticky":false,"template":"","format":"standard","meta":{"footnotes":""},"categories":[48],"tags":[10136,10137,159,163,888],"class_list":{"0":"post-15534","1":"post","2":"type-post","3":"status-publish","4":"format-standard","5":"has-post-thumbnail","7":"category-senegal","8":"tag-maria-diop","9":"tag-mariage","10":"tag-senegal","11":"tag-senegal-actualites","12":"tag-senenews-people"},"share_on_mastodon":{"url":"","error":""},"_links":{"self":[{"href":"https:\/\/www.europesays.com\/africa\/wp-json\/wp\/v2\/posts\/15534","targetHints":{"allow":["GET"]}}],"collection":[{"href":"https:\/\/www.europesays.com\/africa\/wp-json\/wp\/v2\/posts"}],"about":[{"href":"https:\/\/www.europesays.com\/africa\/wp-json\/wp\/v2\/types\/post"}],"author":[{"embeddable":true,"href":"https:\/\/www.europesays.com\/africa\/wp-json\/wp\/v2\/users\/2"}],"replies":[{"embeddable":true,"href":"https:\/\/www.europesays.com\/africa\/wp-json\/wp\/v2\/comments?post=15534"}],"version-history":[{"count":0,"href":"https:\/\/www.europesays.com\/africa\/wp-json\/wp\/v2\/posts\/15534\/revisions"}],"wp:featuredmedia":[{"embeddable":true,"href":"https:\/\/www.europesays.com\/africa\/wp-json\/wp\/v2\/media\/15535"}],"wp:attachment":[{"href":"https:\/\/www.europesays.com\/africa\/wp-json\/wp\/v2\/media?parent=15534"}],"wp:term":[{"taxonomy":"category","embeddable":true,"href":"https:\/\/www.europesays.com\/africa\/wp-json\/wp\/v2\/categories?post=15534"},{"taxonomy":"post_tag","embeddable":true,"href":"https:\/\/www.europesays.com\/africa\/wp-json\/wp\/v2\/tags?post=15534"}],"curies":[{"name":"wp","href":"https:\/\/api.w.org\/{rel}","templated":true}]}}