{"id":15634,"date":"2026-01-10T17:48:08","date_gmt":"2026-01-10T17:48:08","guid":{"rendered":"https:\/\/www.europesays.com\/africa\/15634\/"},"modified":"2026-01-10T17:48:08","modified_gmt":"2026-01-10T17:48:08","slug":"louverture-du-score-dosimhen-contre-lalgerie","status":"publish","type":"post","link":"https:\/\/www.europesays.com\/africa\/15634\/","title":{"rendered":"l\u2019ouverture du score d\u2019Osimhen contre l\u2019Alg\u00e9rie"},"content":{"rendered":"<p>Apr\u00e8s la qualification du S\u00e9n\u00e9gal et du Maroc, deux autres qualifi\u00e9s manquaient \u00e0 l\u2019appel pour les demi-finales de la Coupe d\u2019Afrique des Nations 2025. Avant le rendez-vous entre l\u2019\u00c9gypte et la C\u00f4te d\u2019Ivoire, <a href=\"https:\/\/www.footmercato.net\/live\/1530726450857634764-algerie-vs-nigeria#tabLive\" rel=\"nofollow noopener\" target=\"_blank\">l\u2019Alg\u00e9rie d\u00e9fiait le Nig\u00e9ria<\/a>. Mais apr\u00e8s une premi\u00e8re p\u00e9riode disput\u00e9e, le Nig\u00e9ria a r\u00e9ussi \u00e0 ouvrir le score apr\u00e8s la pause.<\/p>\n<p>            La suite apr\u00e8s cette publicit\u00e9<\/p>\n<p>Sur un d\u00e9bordement de Bruno Onyemaechi, le lat\u00e9ral de l\u2019Olympiacos envoyait un superbe centre au second poteau, o\u00f9 <a href=\"https:\/\/www.footmercato.net\/joueur\/victor-osimhen\/\" rel=\"nofollow noopener\" target=\"_blank\">Victor Osimhen<\/a> \u00e9tait bien plac\u00e9 pour tromper Luca Zidane d\u2019une magnifique t\u00eate smash\u00e9e (1-0, 47e). Les Super Eagles prennent ainsi une belle option pour rejoindre le Maroc en demi-finale de cette <a href=\"https:\/\/www.footmercato.net\/afrique\/coupe-dafrique-des-nations\/\" rel=\"nofollow noopener\" target=\"_blank\">CAN<\/a> 2025, gr\u00e2ce \u00e0 leur star de 27 ans. <\/p>\n<p>\n    Pub. le 10\/01\/2026 18:22<br \/>\n            &#8211; MAJ le 10\/01\/2026 18:38\n    <\/p>\n","protected":false},"excerpt":{"rendered":"Apr\u00e8s la qualification du S\u00e9n\u00e9gal et du Maroc, deux autres qualifi\u00e9s manquaient \u00e0 l\u2019appel pour les demi-finales de&hellip;\n","protected":false},"author":2,"featured_media":15635,"comment_status":"","ping_status":"","sticky":false,"template":"","format":"standard","meta":{"footnotes":""},"categories":[254],"tags":[255],"class_list":{"0":"post-15634","1":"post","2":"type-post","3":"status-publish","4":"format-standard","5":"has-post-thumbnail","7":"category-algerie","8":"tag-algerie"},"share_on_mastodon":{"url":"","error":""},"_links":{"self":[{"href":"https:\/\/www.europesays.com\/africa\/wp-json\/wp\/v2\/posts\/15634","targetHints":{"allow":["GET"]}}],"collection":[{"href":"https:\/\/www.europesays.com\/africa\/wp-json\/wp\/v2\/posts"}],"about":[{"href":"https:\/\/www.europesays.com\/africa\/wp-json\/wp\/v2\/types\/post"}],"author":[{"embeddable":true,"href":"https:\/\/www.europesays.com\/africa\/wp-json\/wp\/v2\/users\/2"}],"replies":[{"embeddable":true,"href":"https:\/\/www.europesays.com\/africa\/wp-json\/wp\/v2\/comments?post=15634"}],"version-history":[{"count":0,"href":"https:\/\/www.europesays.com\/africa\/wp-json\/wp\/v2\/posts\/15634\/revisions"}],"wp:featuredmedia":[{"embeddable":true,"href":"https:\/\/www.europesays.com\/africa\/wp-json\/wp\/v2\/media\/15635"}],"wp:attachment":[{"href":"https:\/\/www.europesays.com\/africa\/wp-json\/wp\/v2\/media?parent=15634"}],"wp:term":[{"taxonomy":"category","embeddable":true,"href":"https:\/\/www.europesays.com\/africa\/wp-json\/wp\/v2\/categories?post=15634"},{"taxonomy":"post_tag","embeddable":true,"href":"https:\/\/www.europesays.com\/africa\/wp-json\/wp\/v2\/tags?post=15634"}],"curies":[{"name":"wp","href":"https:\/\/api.w.org\/{rel}","templated":true}]}}