{"id":15636,"date":"2026-01-10T17:49:05","date_gmt":"2026-01-10T17:49:05","guid":{"rendered":"https:\/\/www.europesays.com\/africa\/15636\/"},"modified":"2026-01-10T17:49:05","modified_gmt":"2026-01-10T17:49:05","slug":"can-le-maroc-et-le-senegal-attendent-leur-adversaire-en-demi-finales-2","status":"publish","type":"post","link":"https:\/\/www.europesays.com\/africa\/15636\/","title":{"rendered":"CAN : le Maroc et le S\u00e9n\u00e9gal attendent leur adversaire en demi-finales"},"content":{"rendered":"<p>  Par&amp;nbsp<a href=\"https:\/\/fr.euronews.com\/profils\/2606\" rel=\"nofollow noopener\" target=\"_blank\">Mohamed Elashi<\/a>&amp;nbsp&amp;&amp;nbspAna Caiola&amp;nbspavec&amp;nbspAP<\/p>\n<p>\n                    Publi\u00e9 le                 10\/01\/2026 &#8211; 14:52 UTC+1<br \/>\n                \u2022Mis \u00e0 jour<br \/>\n                                     14:54\n                                        <\/p>\n<p>Le Maroc a rejoint le S\u00e9n\u00e9gal en demi-finales de la Coupe d&#8217;Afrique des Nations en s&#8217;imposant 2-0 face au Cameroun, vendredi.<\/p>\n<p>Face au Cameroun, D\u00edaz a \u00e9tendu son record marocain en marquant dans un cinqui\u00e8me match d&#8217;affil\u00e9e dans le tournoi lorsqu&#8217;il a prolong\u00e9 la t\u00eate d&#8217;Ayoub El Kaabi sur un corner \u00e0 la 27e minute. D\u00edaz a couru vers le coin et a hauss\u00e9 les \u00e9paules comme pour dire qu&#8217;il ne savait pas comment il avait pu marquer \u00e0 nouveau.<\/p>\n<p>Ismael Saibari a scell\u00e9 la victoire \u00e0 la 74e minute d&#8217;un tir \u00e0 ras de terre suite \u00e0 un corner, quelques minutes apr\u00e8s que le rempla\u00e7ant camerounais Georges-K\u00e9vin Nkoudou ait \u00e9t\u00e9 \u00e0 deux doigts de marquer \u00e0 l&#8217;autre bout du terrain.<\/p>\n<p>Les Lions Indomptables se sont inclin\u00e9s face aux Lions de l&#8217;Atlas pour la premi\u00e8re fois en cinq confrontations en Coupe d&#8217;Afrique.<\/p>\n<p>Le Maroc affrontera le Nigeria ou l&#8217;Alg\u00e9rie mercredi.<\/p>\n<p>Les Lions de la Teranga aussi dans le dernier carr\u00e9<\/p>\n<p>Le but d&#8217;Iliman Ndiaye en premi\u00e8re mi-temps a suffi au S\u00e9n\u00e9gal pour battre le Mali 1-0 dans le premier quart de finale.<\/p>\n<p>Ndiaye a marqu\u00e9 \u00e0 bout portant \u00e0 la 27e minute apr\u00e8s que le gardien malien Djigui Diarra a laiss\u00e9 le centre de Kr\u00e9pin Diatta lui filer entre les doigts pour atterrir dans les pieds de Ndiaye.<\/p>\n<p>La pluie hivernale qui a d\u00e9tremp\u00e9 le tournoi a commenc\u00e9 \u00e0 tomber t\u00f4t au Grand Stade de Tanger et elle n&#8217;a pas aid\u00e9 Diarra \u00e0 tenir le ballon.<\/p>\n<p>Le capitaine malien Yves Bissouma avait d\u00e9j\u00e0 re\u00e7u un carton jaune pour une faute sur Sadio Man\u00e9 alors que son \u00e9quipe prenait un d\u00e9part courageux, et les espoirs des Aigles ont pris un coup dur lorsqu&#8217;il a re\u00e7u un deuxi\u00e8me carton jaune avant la pause pour une faute sur Idrissa Gueye.<\/p>\n<p>Le champion 2021 reste \u00e0 Tanger o\u00f9 il attend le vainqueur de la premi\u00e8re demi-finale entre la C\u00f4te d&#8217;Ivoire et l&#8217;Egypte mercredi.<\/p>\n<p>Ce samedi<\/p>\n<p>Alg\u00e9rie &#8211; Nigeria<\/p>\n<p>\u00c9gypte &#8211; C\u00f4te d&#8217;Ivoire<\/p>\n","protected":false},"excerpt":{"rendered":"Par&amp;nbspMohamed Elashi&amp;nbsp&amp;&amp;nbspAna Caiola&amp;nbspavec&amp;nbspAP Publi\u00e9 le 10\/01\/2026 &#8211; 14:52 UTC+1 \u2022Mis \u00e0 jour 14:54 Le Maroc a rejoint le&hellip;\n","protected":false},"author":2,"featured_media":15637,"comment_status":"","ping_status":"","sticky":false,"template":"","format":"standard","meta":{"footnotes":""},"categories":[48],"tags":[360,311,158,724,159,310],"class_list":{"0":"post-15636","1":"post","2":"type-post","3":"status-publish","4":"format-standard","5":"has-post-thumbnail","7":"category-senegal","8":"tag-can","9":"tag-football","10":"tag-maroc","11":"tag-rabat","12":"tag-senegal","13":"tag-sport"},"share_on_mastodon":{"url":"","error":""},"_links":{"self":[{"href":"https:\/\/www.europesays.com\/africa\/wp-json\/wp\/v2\/posts\/15636","targetHints":{"allow":["GET"]}}],"collection":[{"href":"https:\/\/www.europesays.com\/africa\/wp-json\/wp\/v2\/posts"}],"about":[{"href":"https:\/\/www.europesays.com\/africa\/wp-json\/wp\/v2\/types\/post"}],"author":[{"embeddable":true,"href":"https:\/\/www.europesays.com\/africa\/wp-json\/wp\/v2\/users\/2"}],"replies":[{"embeddable":true,"href":"https:\/\/www.europesays.com\/africa\/wp-json\/wp\/v2\/comments?post=15636"}],"version-history":[{"count":0,"href":"https:\/\/www.europesays.com\/africa\/wp-json\/wp\/v2\/posts\/15636\/revisions"}],"wp:featuredmedia":[{"embeddable":true,"href":"https:\/\/www.europesays.com\/africa\/wp-json\/wp\/v2\/media\/15637"}],"wp:attachment":[{"href":"https:\/\/www.europesays.com\/africa\/wp-json\/wp\/v2\/media?parent=15636"}],"wp:term":[{"taxonomy":"category","embeddable":true,"href":"https:\/\/www.europesays.com\/africa\/wp-json\/wp\/v2\/categories?post=15636"},{"taxonomy":"post_tag","embeddable":true,"href":"https:\/\/www.europesays.com\/africa\/wp-json\/wp\/v2\/tags?post=15636"}],"curies":[{"name":"wp","href":"https:\/\/api.w.org\/{rel}","templated":true}]}}