{"id":15701,"date":"2026-01-10T18:38:11","date_gmt":"2026-01-10T18:38:11","guid":{"rendered":"https:\/\/www.europesays.com\/africa\/15701\/"},"modified":"2026-01-10T18:38:11","modified_gmt":"2026-01-10T18:38:11","slug":"le-nouveau-verdict-de-la-cour-supreme-est-tombe-pour-barthelemy-dias","status":"publish","type":"post","link":"https:\/\/www.europesays.com\/africa\/15701\/","title":{"rendered":"Le nouveau verdict de la Cour Supr\u00eame est tomb\u00e9 pour Barth\u00e9l\u00e9my Dias"},"content":{"rendered":"<p class=\"firstp\">L\u2019espoir de Barth\u00e9lemy Dias de retrouver le fauteuil de maire de Dakar vient d\u2019\u00eatre d\u00e9finitivement compromis. Sa requ\u00eate, examin\u00e9e par la Chambre administrative de la Cour supr\u00eame, a \u00e9t\u00e9 d\u00e9clar\u00e9e irrecevable, mettant ainsi un terme \u00e0 sa derni\u00e8re tentative judiciaire pour contester sa situation.<\/p>\n<p data-start=\"393\" data-end=\"807\">Saisie directement par l\u2019ancien maire de Dakar, la haute juridiction \u00e9tait appel\u00e9e \u00e0 se prononcer sur une demande d\u2019annulation de l\u2019arr\u00eat\u00e9 pr\u00e9fectoral qui l\u2019avait d\u00e9clar\u00e9 d\u00e9missionnaire de son poste de conseiller municipal de la ville de Dakar. En rendant sa d\u00e9cision, la Cour supr\u00eame a estim\u00e9 que la requ\u00eate ne remplissait pas les conditions requises pour \u00eatre examin\u00e9e sur le fond, la d\u00e9clarant donc irrecevable.\n<\/p>\n<p data-start=\"809\" data-end=\"1170\">Cette d\u00e9cision constitue un nouveau revers judiciaire pour Barth\u00e9lemy Dias. Elle intervient apr\u00e8s une pr\u00e9c\u00e9dente \u00e9tape d\u00e9favorable, au cours de laquelle la Chambre administrative avait d\u00e9j\u00e0 confirm\u00e9 un arr\u00eat de la Cour d\u2019appel. Cette derni\u00e8re avait valid\u00e9 l\u2019arr\u00eat\u00e9 du pr\u00e9fet ayant entra\u00een\u00e9 la r\u00e9vocation de Barth\u00e9lemy Dias de son mandat de conseiller municipal.<\/p>\n<p data-start=\"1172\" data-end=\"1572\" data-is-last-node=\"\" data-is-only-node=\"\">Sur le plan institutionnel, la d\u00e9cision de la Cour supr\u00eame renforce la position d\u2019Abass Fall, actuel maire de Dakar, dont le maintien \u00e0 la t\u00eate de la municipalit\u00e9 est ainsi confort\u00e9 par la justice. En l\u2019absence de voie de recours imm\u00e9diate, la situation juridique semble d\u00e9sormais tranch\u00e9e, \u00e9cartant toute perspective de retour \u00e0 court terme de <a href=\"https:\/\/www.senenews.com\/premium\/retournement-de-situation-pour-la-mairie-de-dakar-le-dossier-barthelemy-dias-relance-a-la-cour-supreme_571656.html\" rel=\"nofollow noopener\" target=\"_blank\">Barth\u00e9lemy Dias<\/a> \u00e0 la mairie de la capitale s\u00e9n\u00e9galaise.<\/p>\n","protected":false},"excerpt":{"rendered":"L\u2019espoir de Barth\u00e9lemy Dias de retrouver le fauteuil de maire de Dakar vient d\u2019\u00eatre d\u00e9finitivement compromis. Sa requ\u00eate,&hellip;\n","protected":false},"author":2,"featured_media":15702,"comment_status":"","ping_status":"","sticky":false,"template":"","format":"standard","meta":{"footnotes":""},"categories":[48],"tags":[5004,248,159,163],"class_list":{"0":"post-15701","1":"post","2":"type-post","3":"status-publish","4":"format-standard","5":"has-post-thumbnail","7":"category-senegal","8":"tag-barthelemy-dias","9":"tag-politique","10":"tag-senegal","11":"tag-senegal-actualites"},"share_on_mastodon":{"url":"","error":""},"_links":{"self":[{"href":"https:\/\/www.europesays.com\/africa\/wp-json\/wp\/v2\/posts\/15701","targetHints":{"allow":["GET"]}}],"collection":[{"href":"https:\/\/www.europesays.com\/africa\/wp-json\/wp\/v2\/posts"}],"about":[{"href":"https:\/\/www.europesays.com\/africa\/wp-json\/wp\/v2\/types\/post"}],"author":[{"embeddable":true,"href":"https:\/\/www.europesays.com\/africa\/wp-json\/wp\/v2\/users\/2"}],"replies":[{"embeddable":true,"href":"https:\/\/www.europesays.com\/africa\/wp-json\/wp\/v2\/comments?post=15701"}],"version-history":[{"count":0,"href":"https:\/\/www.europesays.com\/africa\/wp-json\/wp\/v2\/posts\/15701\/revisions"}],"wp:featuredmedia":[{"embeddable":true,"href":"https:\/\/www.europesays.com\/africa\/wp-json\/wp\/v2\/media\/15702"}],"wp:attachment":[{"href":"https:\/\/www.europesays.com\/africa\/wp-json\/wp\/v2\/media?parent=15701"}],"wp:term":[{"taxonomy":"category","embeddable":true,"href":"https:\/\/www.europesays.com\/africa\/wp-json\/wp\/v2\/categories?post=15701"},{"taxonomy":"post_tag","embeddable":true,"href":"https:\/\/www.europesays.com\/africa\/wp-json\/wp\/v2\/tags?post=15701"}],"curies":[{"name":"wp","href":"https:\/\/api.w.org\/{rel}","templated":true}]}}