{"id":15739,"date":"2026-01-10T19:05:06","date_gmt":"2026-01-10T19:05:06","guid":{"rendered":"https:\/\/www.europesays.com\/africa\/15739\/"},"modified":"2026-01-10T19:05:06","modified_gmt":"2026-01-10T19:05:06","slug":"sm-caen-lalgerie-eliminee-de-la-can-anthony-mandrea-devrait-etre-apte-a-jouer-contre-concarneau","status":"publish","type":"post","link":"https:\/\/www.europesays.com\/africa\/15739\/","title":{"rendered":"SM Caen. L&#8217;Alg\u00e9rie \u00e9limin\u00e9e de la CAN, Anthony Mandr\u00e9a devrait \u00eatre apte \u00e0 jouer contre Concarneau"},"content":{"rendered":"<p>                    Par<\/p>\n<p>            <a href=\"https:\/\/actu.fr\/auteur\/aline-chatel\" title=\"Consulter tous les articles de Aline Chatel\" rel=\"nofollow noopener\" target=\"_blank\">Aline Chatel<\/a><\/p>\n<p>        Publi\u00e9 le<\/p>\n<p>            10 janv. 2026 \u00e0 19h33        <\/p>\n<p>Domin\u00e9e par une belle \u00e9quipe du Nig\u00e9ria, l\u2019Alg\u00e9rie est \u00e9limin\u00e9e en quart de finale de la Coupe d\u2019Afrique des nations. Les Fennecs ont \u00e9t\u00e9 battus 2-0, ce samedi 10 janvier 2026 au Maroc. Ce revers marque la fin de l\u2019aventure pour Anthony Mandr\u00e9a, rest\u00e9 sur le banc au profit de Luca Zidane face aux Nig\u00e9rians. <\/p>\n<p class=\" wall-content\">Le gardien du <a href=\"https:\/\/actu.fr\/tag\/stade-malherbe-de-caen\" rel=\"nofollow noopener\" target=\"_blank\">Stade Malherbe Caen<\/a>, <a href=\"https:\/\/actu.fr\/normandie\/caen_14118\/football-anthony-mandrea-a-la-coupe-dafrique-des-nations-le-gardien-de-caen-est-la-surprise-du-chef_63574014.html\" rel=\"nofollow noopener\" target=\"_blank\">invit\u00e9 surprise<\/a> de la liste alg\u00e9rienne, va ainsi pouvoir retrouver rapidement son club. Il aura honor\u00e9 sa 21\u00e8me cape internationale lors du dernier match de poule face \u00e0 la Guin\u00e9e \u00e9quatoriale (victoire 3-1). Il a pass\u00e9 les quatre autres matchs de l\u2019Alg\u00e9rie sur le banc.<\/p>\n<p class=\" wall-content\">Anthony Mandr\u00e9a va d\u00e9couvrir un nouvel entra\u00eeneur \u00e0 Caen en la personne de Ga\u00ebl Clichy, qui ne s\u2019est pas encore exprim\u00e9 \u00e0 son sujet. Il semble pouvoir \u00eatre apte \u00e0 affronter Concarneau, vendredi 16 janvier 2026, pour la reprise du championnat de National.\u00a0<\/p>\n<p class=\" wall-content\">Personnalisez votre actualit\u00e9 en ajoutant vos villes et m\u00e9dias en favori avec <a href=\"https:\/\/moncompte.actu.fr\" title=\"D\u00e9couvez Mon Actu\" rel=\"nofollow noopener\" data-trk=\"{&quot;cta&quot;:{&quot;action&quot;:&quot;https:\\\/\\\/moncompte.actu.fr&quot;,&quot;category&quot;:&quot;mon compte&quot;,&quot;from&quot;:&quot;article footer&quot;,&quot;name&quot;:&quot;Mon actu&quot;,&quot;type&quot;:&quot;cta&quot;}}\" target=\"_blank\">Mon Actu<\/a>.<\/p>\n","protected":false},"excerpt":{"rendered":"Par Aline Chatel Publi\u00e9 le 10 janv. 2026 \u00e0 19h33 Domin\u00e9e par une belle \u00e9quipe du Nig\u00e9ria, l\u2019Alg\u00e9rie&hellip;\n","protected":false},"author":2,"featured_media":15740,"comment_status":"","ping_status":"","sticky":false,"template":"","format":"standard","meta":{"footnotes":""},"categories":[254],"tags":[255,311,5752,5750,264,5751],"class_list":{"0":"post-15739","1":"post","2":"type-post","3":"status-publish","4":"format-standard","5":"has-post-thumbnail","7":"category-algerie","8":"tag-algerie","9":"tag-football","10":"tag-sm-caen","11":"tag-sport-caen","12":"tag-sports","13":"tag-stade-malherbe-de-caen"},"share_on_mastodon":{"url":"","error":""},"_links":{"self":[{"href":"https:\/\/www.europesays.com\/africa\/wp-json\/wp\/v2\/posts\/15739","targetHints":{"allow":["GET"]}}],"collection":[{"href":"https:\/\/www.europesays.com\/africa\/wp-json\/wp\/v2\/posts"}],"about":[{"href":"https:\/\/www.europesays.com\/africa\/wp-json\/wp\/v2\/types\/post"}],"author":[{"embeddable":true,"href":"https:\/\/www.europesays.com\/africa\/wp-json\/wp\/v2\/users\/2"}],"replies":[{"embeddable":true,"href":"https:\/\/www.europesays.com\/africa\/wp-json\/wp\/v2\/comments?post=15739"}],"version-history":[{"count":0,"href":"https:\/\/www.europesays.com\/africa\/wp-json\/wp\/v2\/posts\/15739\/revisions"}],"wp:featuredmedia":[{"embeddable":true,"href":"https:\/\/www.europesays.com\/africa\/wp-json\/wp\/v2\/media\/15740"}],"wp:attachment":[{"href":"https:\/\/www.europesays.com\/africa\/wp-json\/wp\/v2\/media?parent=15739"}],"wp:term":[{"taxonomy":"category","embeddable":true,"href":"https:\/\/www.europesays.com\/africa\/wp-json\/wp\/v2\/categories?post=15739"},{"taxonomy":"post_tag","embeddable":true,"href":"https:\/\/www.europesays.com\/africa\/wp-json\/wp\/v2\/tags?post=15739"}],"curies":[{"name":"wp","href":"https:\/\/api.w.org\/{rel}","templated":true}]}}