{"id":15799,"date":"2026-01-10T19:48:46","date_gmt":"2026-01-10T19:48:46","guid":{"rendered":"https:\/\/www.europesays.com\/africa\/15799\/"},"modified":"2026-01-10T19:48:46","modified_gmt":"2026-01-10T19:48:46","slug":"la-verite-eclate-enfin-ce-qui-a-conduit-mame-youma-fall-a-une-chute-mortelle-chez-son-amant","status":"publish","type":"post","link":"https:\/\/www.europesays.com\/africa\/15799\/","title":{"rendered":"La v\u00e9rit\u00e9 \u00e9clate enfin, ce qui a conduit Mame Youma Fall \u00e0 une chute mortelle chez son amant"},"content":{"rendered":"<p>Un drame s\u2019est produit dans la nuit du 29 au 30 d\u00e9cembre dernier \u00e0 la Cit\u00e9 Lobatt Fall, dans la commune de Pikine. Mame Youma Fall, \u00e2g\u00e9e de 58 ans et divorc\u00e9e, a perdu la vie \u00e0 la suite d\u2019une chute survenue dans un immeuble de type R+2 o\u00f9 r\u00e9sidait son compagnon, I. Seck. Les \u00e9l\u00e9ments recueillis par les enqu\u00eateurs permettent de reconstituer le d\u00e9roulement des faits et d\u2019\u00e9carter, \u00e0 ce stade de la proc\u00e9dure, la th\u00e8se d\u2019un acte volontaire.            <\/p>\n<p class=\"pread\" style=\"background: #fff6d3;font-size:17px !important;padding:0px 0 16px 0;border:none;font-family:'source-sans-pro' !important;color:#444 !important;\">\n<p>La suite est r\u00e9serv\u00e9e \u00e0 nos abonn\u00e9s.<br \/>D\u00e9j\u00e0 abonn\u00e9 ? <a href=\"https:\/\/www.senenews.com\/login?redirect_to=https:\/\/www.senenews.com\/premium\/pikine-la-verite-eclate-enfin-ce-qui-a-conduit-mame-youma-fall-a-une-chute-mortelle-chez-son-amant_572117.html\" style=\"text-decoration: underline !important;font-weight: bold;\" rel=\"nofollow noopener\" target=\"_blank\">Se connecter<\/a><\/p>\n<p>Profitez de 3 mois offerts<br \/>et acc\u00e9dez \u00e0 tous nos contenus<br \/>sans aucune publicit\u00e9<\/p>\n<p style=\"text-align:center;font-size:14px;font-family:'source-sans-pro'\">\n<a href=\"https:\/\/www.senenews.com\/rejoignez-senenews-premium-pour-soutenir-une-redaction-libre-et-independante\" style=\"text-decoration:none!important;border-bottom:1px solid\" rel=\"nofollow noopener\" target=\"_blank\">Pourquoi vous devez soutenir l\u2019initiative Senenews Premium?<\/a><\/p>\n","protected":false},"excerpt":{"rendered":"Un drame s\u2019est produit dans la nuit du 29 au 30 d\u00e9cembre dernier \u00e0 la Cit\u00e9 Lobatt Fall,&hellip;\n","protected":false},"author":2,"featured_media":9103,"comment_status":"","ping_status":"","sticky":false,"template":"","format":"standard","meta":{"footnotes":""},"categories":[48],"tags":[161,3473,159,163,239],"class_list":{"0":"post-15799","1":"post","2":"type-post","3":"status-publish","4":"format-standard","5":"has-post-thumbnail","7":"category-senegal","8":"tag-articles-premium","9":"tag-mame-youma-fall","10":"tag-senegal","11":"tag-senegal-actualites","12":"tag-societe"},"share_on_mastodon":{"url":"","error":""},"_links":{"self":[{"href":"https:\/\/www.europesays.com\/africa\/wp-json\/wp\/v2\/posts\/15799","targetHints":{"allow":["GET"]}}],"collection":[{"href":"https:\/\/www.europesays.com\/africa\/wp-json\/wp\/v2\/posts"}],"about":[{"href":"https:\/\/www.europesays.com\/africa\/wp-json\/wp\/v2\/types\/post"}],"author":[{"embeddable":true,"href":"https:\/\/www.europesays.com\/africa\/wp-json\/wp\/v2\/users\/2"}],"replies":[{"embeddable":true,"href":"https:\/\/www.europesays.com\/africa\/wp-json\/wp\/v2\/comments?post=15799"}],"version-history":[{"count":0,"href":"https:\/\/www.europesays.com\/africa\/wp-json\/wp\/v2\/posts\/15799\/revisions"}],"wp:featuredmedia":[{"embeddable":true,"href":"https:\/\/www.europesays.com\/africa\/wp-json\/wp\/v2\/media\/9103"}],"wp:attachment":[{"href":"https:\/\/www.europesays.com\/africa\/wp-json\/wp\/v2\/media?parent=15799"}],"wp:term":[{"taxonomy":"category","embeddable":true,"href":"https:\/\/www.europesays.com\/africa\/wp-json\/wp\/v2\/categories?post=15799"},{"taxonomy":"post_tag","embeddable":true,"href":"https:\/\/www.europesays.com\/africa\/wp-json\/wp\/v2\/tags?post=15799"}],"curies":[{"name":"wp","href":"https:\/\/api.w.org\/{rel}","templated":true}]}}