{"id":15936,"date":"2026-01-10T21:25:13","date_gmt":"2026-01-10T21:25:13","guid":{"rendered":"https:\/\/www.europesays.com\/africa\/15936\/"},"modified":"2026-01-10T21:25:13","modified_gmt":"2026-01-10T21:25:13","slug":"can-2025-pas-de-tir-cadre-et-beaucoup-de-frustration-lalgerie-a-decu-en-quart-de-finale-contre-le-nigeria","status":"publish","type":"post","link":"https:\/\/www.europesays.com\/africa\/15936\/","title":{"rendered":"CAN 2025 &#8211; Pas de tir cadr\u00e9, et beaucoup de frustration : l&#8217;Alg\u00e9rie a d\u00e9\u00e7u en quart de finale contre le Nig\u00e9ria"},"content":{"rendered":"<p class=\"typo-tk-rs-caption-xs\">Alg\u00e9rie-Nig\u00e9ria, le 10 janvier 2026.<\/p>\n<p class=\"typo-tk-rs-caption-xs\">Cr\u00e9dit: Getty Images<\/p>\n<p>L&#8217;Alg\u00e9rie n&#8217;a finalement jamais pu rivaliser. Alors que pointait \u00e0 l&#8217;horizon une demi-finale particuli\u00e8rement attendue contre le Maroc mercredi prochain, les Fennecs ont \u00e9t\u00e9 asphyxi\u00e9s, d&#8217;entr\u00e9e, par les Nig\u00e9rians, qui les ont oblig\u00e9s, la plupart du temps, \u00e0 \u00e9voluer en bloc bas, <a class=\"typo-tk-rs-body-md focus-visible:text-focused-text-fill-01 focus-visible:bg-focused-surface-fill-01 hover:underline focus-visible:outline-none text-content-block-default-text-fill-04 hover:text-content-block-default-text-fill-01 active:text-content-block-default-text-fill-03\" target=\"_self\" href=\"https:\/\/www.eurosport.fr\/football\/coupe-d-afrique-des-nations\/2025\/can-2025-le-nigeria-muselle-lalgerie-2-0-et-defiera-le-maroc-en-demi-finale_sto23257690\/story.shtml\" data-testid=\"body-hyper-link\" rel=\"nofollow noopener\">avant d&#8217;avoir le dernier mot (0-2).<\/a> \u00c0 tel point qu&#8217;il a m\u00eame fallu attendre la 80e minute de jeu pour assister au premier tir des Alg\u00e9riens, par l&#8217;interm\u00e9diaire de Baghdad Bounedjah, entr\u00e9 en cours de jeu. Les hommes de Vladimir Petkovic ont finalement r\u00e9ussi \u00e0 frapper trois fois, mais sans cadrer la moindre de ces tentatives.<\/p>\n<p>\u00c0 la fin de la rencontre, l&#8217;attaquant international nig\u00e9rian Victor Osimhen a confirm\u00e9, au micro de beIN Sports, que le plan des siens avait parfaitement fonctionn\u00e9, tout en rendant hommage \u00e0 son adversaire du jour\u00a0: &#8220;Je pense qu&#8217;on a tr\u00e8s bien jou\u00e9 et puis on a aussi beaucoup de respect pour cette \u00e9quipe alg\u00e9rienne qui est une \u00e9quipe de grande qualit\u00e9. On savait que c&#8217;\u00e9tait important de faire ce pressing-l\u00e0, de les mettre mal \u00e0 l&#8217;aise et on a exploit\u00e9 leurs erreurs.&#8221;<\/p>\n<p>La frustration alg\u00e9rienne a fini par d\u00e9border<\/p>\n<p>Cette absence de danger offensif alg\u00e9rien peut aussi \u00eatre due \u00e0 la composition de d\u00e9part concoct\u00e9e par Petkovic. En effet, le s\u00e9lectionneur suisse avait pris la d\u00e9cision, au coup d&#8217;envoi, d&#8217;aligner un onze de d\u00e9part sans v\u00e9ritable attaquant de pointe. \u00c0 nouveau reconduit dans ce r\u00f4le de faux n\u00b09, Mohammed Amoura s&#8217;est retrouv\u00e9 bien isol\u00e9 au milieu d&#8217;une d\u00e9fense centrale adverse compos\u00e9e des imposants Calvin Bassey et Semi Ajayi. Cela ne lui a pas permis de toucher plus de quinze ballons, avant sa sortie \u00e0 la 81e minute de jeu.<\/p>\n<p>Les joueurs offensifs alg\u00e9riens ont \u00e9galement \u00e9t\u00e9 difficilement trouv\u00e9s par leurs milieux de terrain, bien contenus et manquant clairement d&#8217;espaces pour s&#8217;exprimer. Dans ce secteur, Petkovic, en pr\u00e9vision d&#8217;un gros combat athl\u00e9tique qui s&#8217;annon\u00e7ait, avait notamment pr\u00e9f\u00e9r\u00e9 titulariser Ramiz Zerrouki \u00e0 Himad Abdelli.<\/p>\n<p><img decoding=\"async\" class=\"text-transparent h-full w-full object-cover\" src=\"https:\/\/www.europesays.com\/africa\/wp-content\/uploads\/2026\/01\/image-1ff32f58-d7cf-4d6f-8bd5-06baece80fea-85-2560-1440.jpeg\" alt=\"picture\" data-testid=\"image-high-res\"\/><\/p>\n<p class=\"typo-tk-rs-caption-xs\">Luca Zidane \u00e9nerv\u00e9 apr\u00e8s Alg\u00e9rie-Nig\u00e9ria, le 10 janvier 2026.<\/p>\n<p class=\"typo-tk-rs-caption-xs\">Cr\u00e9dit: Getty Images<\/p>\n<p>En fin de rencontre, la frustration est ensuite apparue chez les Alg\u00e9riens. Elle s&#8217;est m\u00eame poursuivie \u00e0 l&#8217;issue du coup de sifflet final. Une grosse altercation a \u00e9clat\u00e9 entre les joueurs alg\u00e9riens et les arbitres, avant que les Nig\u00e9rians ne s&#8217;en m\u00ealent. Certains Fennecs sont apparus hors d&#8217;eux et ont d\u00fb \u00eatre retenus, \u00e0 l&#8217;image de Luca Zidane.<\/p>\n<p>Mahrez, une sortie par la petite porte<\/p>\n<p>M\u00eame Riyad Mahrez n&#8217;a finalement pas r\u00e9ussi, dans ce match, cet exploit individuel donc il a le secret et qui aurait pu relancer compl\u00e8tement les siens. Le capitaine des Fennecs a fini par sortir \u00e0 l&#8217;heure de jeu pour ce qui pourrait \u00eatre son dernier match dans une Coupe d&#8217;Afrique des nations. C&#8217;est ce que le joueur lui-m\u00eame avait indiqu\u00e9, ce vendredi, en conf\u00e9rence de presse.<\/p>\n<p>Mahrez, \u00e9galement muet lors de ses deux derniers matches, avait \u00e9t\u00e9 le guide de sa s\u00e9lection en phase de poules, inscrivant m\u00eame un doubl\u00e9 face au Soudan pour d\u00e9buter (3-0) puis un troisi\u00e8me et dernier but contre le Burkina Faso (1-0). L&#8217;Alg\u00e9rie avait ensuite \u00e9galement \u00e9cart\u00e9 la Guin\u00e9e \u00c9quatoriale (1-3), pour terminer en t\u00eate du groupe E. Ce parcours parfait laissait penser que le vainqueur de l&#8217;\u00e9dition 2019 allait effectuer une nouvelle grosse comp\u00e9tition et se m\u00ealer \u00e0 la victoire finale. La puissance nig\u00e9riane en a d\u00e9cid\u00e9 autrement.<\/p>\n<p><img decoding=\"async\" class=\"text-transparent h-full w-full object-cover\" src=\"https:\/\/www.europesays.com\/africa\/wp-content\/uploads\/2026\/01\/image-00d77d44-fda0-4b0d-a719-e42c5eae7255-85-2560-1440.jpeg\" alt=\"picture\" data-testid=\"image-high-res\"\/><\/p>\n<p class=\"typo-tk-rs-caption-xs\">Riyad Mahrez et Mohammed Amoura contre le Nig\u00e9ria, le 10 janvier 2026.<\/p>\n<p class=\"typo-tk-rs-caption-xs\">Cr\u00e9dit: Getty Images<\/p>\n","protected":false},"excerpt":{"rendered":"Alg\u00e9rie-Nig\u00e9ria, le 10 janvier 2026. Cr\u00e9dit: Getty Images L&#8217;Alg\u00e9rie n&#8217;a finalement jamais pu rivaliser. Alors que pointait \u00e0&hellip;\n","protected":false},"author":2,"featured_media":15937,"comment_status":"","ping_status":"","sticky":false,"template":"","format":"standard","meta":{"footnotes":""},"categories":[254],"tags":[988,255,311],"class_list":{"0":"post-15936","1":"post","2":"type-post","3":"status-publish","4":"format-standard","5":"has-post-thumbnail","7":"category-algerie","8":"tag-africa-cup-of-nations-2025","9":"tag-algerie","10":"tag-football"},"share_on_mastodon":{"url":"","error":""},"_links":{"self":[{"href":"https:\/\/www.europesays.com\/africa\/wp-json\/wp\/v2\/posts\/15936","targetHints":{"allow":["GET"]}}],"collection":[{"href":"https:\/\/www.europesays.com\/africa\/wp-json\/wp\/v2\/posts"}],"about":[{"href":"https:\/\/www.europesays.com\/africa\/wp-json\/wp\/v2\/types\/post"}],"author":[{"embeddable":true,"href":"https:\/\/www.europesays.com\/africa\/wp-json\/wp\/v2\/users\/2"}],"replies":[{"embeddable":true,"href":"https:\/\/www.europesays.com\/africa\/wp-json\/wp\/v2\/comments?post=15936"}],"version-history":[{"count":0,"href":"https:\/\/www.europesays.com\/africa\/wp-json\/wp\/v2\/posts\/15936\/revisions"}],"wp:featuredmedia":[{"embeddable":true,"href":"https:\/\/www.europesays.com\/africa\/wp-json\/wp\/v2\/media\/15937"}],"wp:attachment":[{"href":"https:\/\/www.europesays.com\/africa\/wp-json\/wp\/v2\/media?parent=15936"}],"wp:term":[{"taxonomy":"category","embeddable":true,"href":"https:\/\/www.europesays.com\/africa\/wp-json\/wp\/v2\/categories?post=15936"},{"taxonomy":"post_tag","embeddable":true,"href":"https:\/\/www.europesays.com\/africa\/wp-json\/wp\/v2\/tags?post=15936"}],"curies":[{"name":"wp","href":"https:\/\/api.w.org\/{rel}","templated":true}]}}