{"id":15938,"date":"2026-01-10T21:26:07","date_gmt":"2026-01-10T21:26:07","guid":{"rendered":"https:\/\/www.europesays.com\/africa\/15938\/"},"modified":"2026-01-10T21:26:07","modified_gmt":"2026-01-10T21:26:07","slug":"legypte-ecarte-la-cote-divoire-et-rejoint-le-senegal-en-demi-finale","status":"publish","type":"post","link":"https:\/\/www.europesays.com\/africa\/15938\/","title":{"rendered":"l&#8217;\u00c9gypte \u00e9carte la C\u00f4te d&#8217;Ivoire et rejoint le S\u00e9n\u00e9gal en demi-finale"},"content":{"rendered":"<p>\u00c9gypte &#8211; C\u00f4te d&#8217;Ivoire<\/p>\n<p>3-2<\/p>\n<p>Les Pharaons se r\u00e9veillent au bon moment.\u00a0L&#8217;\u00c9gypte est venue \u00e0 bout (3-2) de la C\u00f4te d&#8217;Ivoire tenante du titre, lors d&#8217;un quart de finale de la\u00a0Coupe d&#8217;Afrique des nations plein de rebondissements, samedi \u00e0 Agadir (Maroc), et sera oppos\u00e9e au S\u00e9n\u00e9gal dans le dernier carr\u00e9 mercredi.<\/p>\n<p>Les Ivoiriens contraints de courir apr\u00e8s le score<\/p>\n<p>Les joueurs d&#8217;Hossam Hassan, sacr\u00e9s \u00e0 sept reprises dans cette comp\u00e9tition, ont fait la course en t\u00eate gr\u00e2ce \u00e0 Omar Marmoush (4e), \u00e0 Rami Rabia (32e) et \u00e0 leur capitaine vedette Mohamed Salah (52e).<\/p>\n<p>Les El\u00e9phants, vainqueurs de trois CAN dont la derni\u00e8re en 2023, ont eux r\u00e9duit l&#8217;\u00e9cart par deux fois, apr\u00e8s un but contre son camp d&#8217;Ahmed Fatouh (40e) et une r\u00e9alisation de Gu\u00e9la Dou\u00e9 (73e), mais en vain.<\/p>\n<p>Plus d&#8217;informations \u00e0 suivre&#8230;<\/p>\n","protected":false},"excerpt":{"rendered":"\u00c9gypte &#8211; C\u00f4te d&#8217;Ivoire 3-2 Les Pharaons se r\u00e9veillent au bon moment.\u00a0L&#8217;\u00c9gypte est venue \u00e0 bout (3-2) de&hellip;\n","protected":false},"author":2,"featured_media":15939,"comment_status":"","ping_status":"","sticky":false,"template":"","format":"standard","meta":{"footnotes":""},"categories":[48],"tags":[295,311,159,310,3062],"class_list":{"0":"post-15938","1":"post","2":"type-post","3":"status-publish","4":"format-standard","5":"has-post-thumbnail","7":"category-senegal","8":"tag-fil-info","9":"tag-football","10":"tag-senegal","11":"tag-sport","12":"tag-sport-national"},"share_on_mastodon":{"url":"","error":""},"_links":{"self":[{"href":"https:\/\/www.europesays.com\/africa\/wp-json\/wp\/v2\/posts\/15938","targetHints":{"allow":["GET"]}}],"collection":[{"href":"https:\/\/www.europesays.com\/africa\/wp-json\/wp\/v2\/posts"}],"about":[{"href":"https:\/\/www.europesays.com\/africa\/wp-json\/wp\/v2\/types\/post"}],"author":[{"embeddable":true,"href":"https:\/\/www.europesays.com\/africa\/wp-json\/wp\/v2\/users\/2"}],"replies":[{"embeddable":true,"href":"https:\/\/www.europesays.com\/africa\/wp-json\/wp\/v2\/comments?post=15938"}],"version-history":[{"count":0,"href":"https:\/\/www.europesays.com\/africa\/wp-json\/wp\/v2\/posts\/15938\/revisions"}],"wp:featuredmedia":[{"embeddable":true,"href":"https:\/\/www.europesays.com\/africa\/wp-json\/wp\/v2\/media\/15939"}],"wp:attachment":[{"href":"https:\/\/www.europesays.com\/africa\/wp-json\/wp\/v2\/media?parent=15938"}],"wp:term":[{"taxonomy":"category","embeddable":true,"href":"https:\/\/www.europesays.com\/africa\/wp-json\/wp\/v2\/categories?post=15938"},{"taxonomy":"post_tag","embeddable":true,"href":"https:\/\/www.europesays.com\/africa\/wp-json\/wp\/v2\/tags?post=15938"}],"curies":[{"name":"wp","href":"https:\/\/api.w.org\/{rel}","templated":true}]}}