{"id":15955,"date":"2026-01-10T21:38:10","date_gmt":"2026-01-10T21:38:10","guid":{"rendered":"https:\/\/www.europesays.com\/africa\/15955\/"},"modified":"2026-01-10T21:38:10","modified_gmt":"2026-01-10T21:38:10","slug":"les-demi-finales-de-la-coupe-dafrique-des-nations-connues-suite-a-la-victoire-de-legypte-face-a-la-cote-divoire","status":"publish","type":"post","link":"https:\/\/www.europesays.com\/africa\/15955\/","title":{"rendered":"Les demi-finales de la Coupe d&#8217;Afrique des Nations connues suite \u00e0 la victoire de l&#8217;\u00c9gypte face \u00e0 la C\u00f4te d&#8217;Ivoire"},"content":{"rendered":"<p class=\"ap-StoryElement ap-StoryElement--mb ap-StoryText\">Frank Kessie (17e) et Evan Guassand (23e) ont tent\u00e9 de r\u00e9agir \u00e0 cette ouverture du score, mais leurs occasions manqu\u00e8rent de pr\u00e9cision. Peu apr\u00e8s la demi-heure, Rami Rabia a profit\u00e9 d&#8217;un corner donn\u00e9 par Salah pour s&#8217;\u00e9lever plus haut que tout le monde et placer une t\u00eate au fond des filets (32e, 2-0).<\/p>\n<p><a href=\"https:\/\/www.lalibre.be\/sports\/football\/2026\/01\/09\/can-le-maroc-file-en-demi-finales-apres-sa-victoire-contre-le-cameroun-JM2ZRKBHBBFVHGV2S4A3FQBRIA\/\" target=\"_self\" class=\"ap-StoryInterstitialLink ap-StoryElement ap-StoryElement--mb\" rel=\"nofollow noopener\">CAN: le Maroc file en demi-finales apr\u00e8s sa victoire contre le Cameroun<\/a><\/p>\n<p class=\"ap-StoryElement ap-StoryElement--mb ap-StoryText\">Dos au mur, les \u00c9l\u00e9phants sont revenus au score avant la mi-temps. Sur un coup-franc donn\u00e9 par Yan Diomande, le d\u00e9fenseur \u00e9gyptien Ahmed Fatouh a d\u00e9vi\u00e9 le ballon dans son propre but (40e, 2-1).<\/p>\n<p class=\"ap-StoryElement ap-StoryElement--mb ap-StoryText\">Avec une moyenne de 30 % de possession de balle, les Pharaons ont longtemps couru derri\u00e8re le ballon mais ont su faire preuve de r\u00e9alisme. En d\u00e9but de seconde p\u00e9riode, Salah a repris un centre au point de p\u00e9nalty pour signer le 3-1 (52e). Gu\u00e9la Dou\u00e9 a relanc\u00e9 l&#8217;int\u00e9r\u00eat de la fin de rencontre en r\u00e9duisant la marque \u00e0 3-2 (73e), mais la C\u00f4te d&#8217;Ivoire n&#8217;est pas parvenue \u00e0 renverser la vapeur.<\/p>\n<p class=\"ap-StoryElement ap-StoryElement--mb ap-StoryText\">L&#8217;autre demi-finale opposera le Maroc, vainqueur 2-0 du Cameroun, vendredi, au Nigeria qui a \u00e9cart\u00e9 sur le m\u00eame score, l&#8217;Alg\u00e9rie, samedi.<\/p>\n<p><a href=\"https:\/\/www.lalibre.be\/economie\/digital\/2026\/01\/08\/un-test-inedit-va-sinviter-lors-de-la-rencontre-psgom-ce-jeudi-soir-RPQSKYUUTBHJVMXJACT36XEMBI\/\" target=\"_self\" class=\"ap-StoryInterstitialLink ap-StoryElement ap-StoryElement--mb\" rel=\"nofollow noopener\">Pour la premi\u00e8re fois, l&#8217;IA va commenter une rencontre de football<\/a><\/p>\n","protected":false},"excerpt":{"rendered":"Frank Kessie (17e) et Evan Guassand (23e) ont tent\u00e9 de r\u00e9agir \u00e0 cette ouverture du score, mais leurs&hellip;\n","protected":false},"author":2,"featured_media":15956,"comment_status":"","ping_status":"","sticky":false,"template":"","format":"standard","meta":{"footnotes":""},"categories":[62],"tags":[64,617,311],"class_list":{"0":"post-15955","1":"post","2":"type-post","3":"status-publish","4":"format-standard","5":"has-post-thumbnail","7":"category-afrique","8":"tag-afrique","9":"tag-agenda","10":"tag-football"},"share_on_mastodon":{"url":"","error":""},"_links":{"self":[{"href":"https:\/\/www.europesays.com\/africa\/wp-json\/wp\/v2\/posts\/15955","targetHints":{"allow":["GET"]}}],"collection":[{"href":"https:\/\/www.europesays.com\/africa\/wp-json\/wp\/v2\/posts"}],"about":[{"href":"https:\/\/www.europesays.com\/africa\/wp-json\/wp\/v2\/types\/post"}],"author":[{"embeddable":true,"href":"https:\/\/www.europesays.com\/africa\/wp-json\/wp\/v2\/users\/2"}],"replies":[{"embeddable":true,"href":"https:\/\/www.europesays.com\/africa\/wp-json\/wp\/v2\/comments?post=15955"}],"version-history":[{"count":0,"href":"https:\/\/www.europesays.com\/africa\/wp-json\/wp\/v2\/posts\/15955\/revisions"}],"wp:featuredmedia":[{"embeddable":true,"href":"https:\/\/www.europesays.com\/africa\/wp-json\/wp\/v2\/media\/15956"}],"wp:attachment":[{"href":"https:\/\/www.europesays.com\/africa\/wp-json\/wp\/v2\/media?parent=15955"}],"wp:term":[{"taxonomy":"category","embeddable":true,"href":"https:\/\/www.europesays.com\/africa\/wp-json\/wp\/v2\/categories?post=15955"},{"taxonomy":"post_tag","embeddable":true,"href":"https:\/\/www.europesays.com\/africa\/wp-json\/wp\/v2\/tags?post=15955"}],"curies":[{"name":"wp","href":"https:\/\/api.w.org\/{rel}","templated":true}]}}